{"id":56240,"date":"2024-07-02T18:09:29","date_gmt":"2024-07-03T00:09:29","guid":{"rendered":"https:\/\/encuentroinformativo.com.mx\/?p=56240"},"modified":"2024-07-02T18:10:54","modified_gmt":"2024-07-03T00:10:54","slug":"autos-caen-en-socavones-en-veracruz-puerto","status":"publish","type":"post","link":"https:\/\/encuentroinformativo.com.mx\/?p=56240","title":{"rendered":"Autos caen en socavones en Veracruz puerto"},"content":{"rendered":"\n<p><strong>Alejandro \u00c1vila<\/strong><\/p>\n\n\n\n<p>Veracruz, Ver.- Al menos dos autom\u00f3viles cayeron en socavones la madrugada de este martes, los cuales fueron provocados por la tromba que cay\u00f3 durante la noche del lunes.<\/p>\n\n\n\n<p>Un taxista se fue a un socavon en la avenida Jimenez Sur casi esquina con Sugasti; mientras que un veh\u00edculo particular color rojo se hundi\u00f3 en la calle C\u00f3rdoba y Calle 10 de la colonia Chapultepec.<\/p>\n\n\n\n<p>Hasta las primeras horas de este martes ninguna autoridad municipal como Protecci\u00f3n Civil o Transito, adem\u00e1s de gruas o los propios ajustadores de sus seguros se hab\u00edan presentado en el lugar.<\/p>\n\n\n\n<figure class=\"wp-block-image size-large\"><img loading=\"lazy\" decoding=\"async\" width=\"1024\" height=\"576\" src=\"https:\/\/encuentroinformativo.com.mx\/wp-content\/uploads\/2024\/07\/1000334223-1024x576.jpg\" alt=\"\" class=\"wp-image-56243\" srcset=\"https:\/\/encuentroinformativo.com.mx\/wp-content\/uploads\/2024\/07\/1000334223-1024x576.jpg 1024w, https:\/\/encuentroinformativo.com.mx\/wp-content\/uploads\/2024\/07\/1000334223-300x169.jpg 300w, https:\/\/encuentroinformativo.com.mx\/wp-content\/uploads\/2024\/07\/1000334223-768x432.jpg 768w, https:\/\/encuentroinformativo.com.mx\/wp-content\/uploads\/2024\/07\/1000334223.jpg 1280w\" sizes=\"auto, (max-width: 1024px) 100vw, 1024px\" \/><\/figure>\n","protected":false},"excerpt":{"rendered":"<p>Alejandro \u00c1vila Veracruz, Ver.- Al menos dos autom\u00f3viles cayeron en socavones la madrugada de este martes, los cuales fueron provocados por la tromba que cay\u00f3 durante la noche del lunes. Un taxista se fue a un socavon en la avenida Jimenez Sur casi esquina con Sugasti; mientras que un veh\u00edculo particular color rojo se hundi\u00f3 [&hellip;]<\/p>\n","protected":false},"author":2476,"featured_media":56241,"comment_status":"open","ping_status":"open","sticky":false,"template":"","format":"standard","meta":{"_jetpack_memberships_contains_paid_content":false,"footnotes":""},"categories":[2],"tags":[],"class_list":["post-56240","post","type-post","status-publish","format-standard","has-post-thumbnail","hentry","category-estado"],"jetpack_featured_media_url":"https:\/\/encuentroinformativo.com.mx\/wp-content\/uploads\/2024\/07\/IMG-20240702-WA0016.jpg","jetpack_sharing_enabled":true,"jetpack_likes_enabled":true,"amp_enabled":true,"_links":{"self":[{"href":"https:\/\/encuentroinformativo.com.mx\/index.php?rest_route=\/wp\/v2\/posts\/56240","targetHints":{"allow":["GET"]}}],"collection":[{"href":"https:\/\/encuentroinformativo.com.mx\/index.php?rest_route=\/wp\/v2\/posts"}],"about":[{"href":"https:\/\/encuentroinformativo.com.mx\/index.php?rest_route=\/wp\/v2\/types\/post"}],"author":[{"embeddable":true,"href":"https:\/\/encuentroinformativo.com.mx\/index.php?rest_route=\/wp\/v2\/users\/2476"}],"replies":[{"embeddable":true,"href":"https:\/\/encuentroinformativo.com.mx\/index.php?rest_route=%2Fwp%2Fv2%2Fcomments&post=56240"}],"version-history":[{"count":2,"href":"https:\/\/encuentroinformativo.com.mx\/index.php?rest_route=\/wp\/v2\/posts\/56240\/revisions"}],"predecessor-version":[{"id":56244,"href":"https:\/\/encuentroinformativo.com.mx\/index.php?rest_route=\/wp\/v2\/posts\/56240\/revisions\/56244"}],"wp:featuredmedia":[{"embeddable":true,"href":"https:\/\/encuentroinformativo.com.mx\/index.php?rest_route=\/wp\/v2\/media\/56241"}],"wp:attachment":[{"href":"https:\/\/encuentroinformativo.com.mx\/index.php?rest_route=%2Fwp%2Fv2%2Fmedia&parent=56240"}],"wp:term":[{"taxonomy":"category","embeddable":true,"href":"https:\/\/encuentroinformativo.com.mx\/index.php?rest_route=%2Fwp%2Fv2%2Fcategories&post=56240"},{"taxonomy":"post_tag","embeddable":true,"href":"https:\/\/encuentroinformativo.com.mx\/index.php?rest_route=%2Fwp%2Fv2%2Ftags&post=56240"}],"curies":[{"name":"wp","href":"https:\/\/api.w.org\/{rel}","templated":true}]}}