{"id":56250,"date":"2024-07-03T11:05:23","date_gmt":"2024-07-03T17:05:23","guid":{"rendered":"https:\/\/encuentroinformativo.com.mx\/?p=56250"},"modified":"2024-07-03T11:05:37","modified_gmt":"2024-07-03T17:05:37","slug":"se-alista-tianguis-nacional-de-pueblos-magicos-en-boca-del-rio-turismo","status":"publish","type":"post","link":"https:\/\/encuentroinformativo.com.mx\/?p=56250","title":{"rendered":"Se alista Tianguis Nacional de Pueblos M\u00e1gicos en Boca del R\u00edo: Turismo"},"content":{"rendered":"\n<p><\/p>\n\n\n\n<p><strong>Alejandro \u00c1vila<\/strong><\/p>\n\n\n\n<p>Boca del R\u00edo, Ver.- El presidente de la rep\u00fablica, Andr\u00e9s Manuel L\u00f3pez Obrador, ha sido invitado al Tianguis Nacional de Pueblos M\u00e1gicos que se llevar\u00e1 a cabo en Boca del R\u00edo en el mes de septiembre.<\/p>\n\n\n\n<p>El secretario de Turismo de Veracruz, Iv\u00e1n Francisco Mart\u00ednez Olvera, dijo que ser\u00eda un honor contar con la presencia del mandatario federal entre el 10 y 12 de septiembre, fechas en las que se realizar\u00e1 el evento.<\/p>\n\n\n\n<p>&#8220;Entiendo que est\u00e1 invitado y por supuesto que para nosotros ser\u00eda un honor que nos acompa\u00f1ara, pero ya depender\u00e1 de que la agenda del presidente lo determine, ojal\u00e1, la verdad es que ser\u00eda un gran evento y mucho m\u00e1s con la presencia del se\u00f1or presidente&#8221;, expres\u00f3.<\/p>\n\n\n\n<p>En otro tema, dijo que el Ayuntamiento de Veracruz rent\u00f3 y absorbi\u00f3 todos los gastos de los conciertos masivos que debieron realizarse en el malec\u00f3n de Veracruz y que por las inclemencias del tiempo tuvieron que cambiarse al World Trade Center de Boca del R\u00edo.<\/p>\n\n\n\n<p>&#8220;El World Trade Center estaba disponible, estuvimos en contacto con la alcaldesa y ellos absorbieron el tema del World Trade Center, del recinto, de toda la seguridad, estuvo muy bien el evento, no hubo mayor complicaci\u00f3n (\u2026) se hicieron los ajustes para poder solventarlo en corto tiempo, de \u00faltima hora estuvimos tambi\u00e9n con toda la madrugada, y ellos llevaron a cabo todo lo que es el montaje, absorbieron todo del World Trade Center, nosotros apoyamos en todo lo que se pod\u00eda, pero lo importante es que se llev\u00f3 a cabo para poder resguardar el tema de las inclemencias del tiempo&#8221;, culmino.<\/p>\n","protected":false},"excerpt":{"rendered":"<p>Alejandro \u00c1vila Boca del R\u00edo, Ver.- El presidente de la rep\u00fablica, Andr\u00e9s Manuel L\u00f3pez Obrador, ha sido invitado al Tianguis Nacional de Pueblos M\u00e1gicos que se llevar\u00e1 a cabo en Boca del R\u00edo en el mes de septiembre. El secretario de Turismo de Veracruz, Iv\u00e1n Francisco Mart\u00ednez Olvera, dijo que ser\u00eda un honor contar con [&hellip;]<\/p>\n","protected":false},"author":2476,"featured_media":56251,"comment_status":"open","ping_status":"open","sticky":false,"template":"","format":"standard","meta":{"_jetpack_memberships_contains_paid_content":false,"footnotes":""},"categories":[2],"tags":[],"class_list":["post-56250","post","type-post","status-publish","format-standard","has-post-thumbnail","hentry","category-estado"],"jetpack_featured_media_url":"https:\/\/encuentroinformativo.com.mx\/wp-content\/uploads\/2024\/07\/IMG-20240703-WA0004.jpg","jetpack_sharing_enabled":true,"jetpack_likes_enabled":true,"amp_enabled":true,"_links":{"self":[{"href":"https:\/\/encuentroinformativo.com.mx\/index.php?rest_route=\/wp\/v2\/posts\/56250","targetHints":{"allow":["GET"]}}],"collection":[{"href":"https:\/\/encuentroinformativo.com.mx\/index.php?rest_route=\/wp\/v2\/posts"}],"about":[{"href":"https:\/\/encuentroinformativo.com.mx\/index.php?rest_route=\/wp\/v2\/types\/post"}],"author":[{"embeddable":true,"href":"https:\/\/encuentroinformativo.com.mx\/index.php?rest_route=\/wp\/v2\/users\/2476"}],"replies":[{"embeddable":true,"href":"https:\/\/encuentroinformativo.com.mx\/index.php?rest_route=%2Fwp%2Fv2%2Fcomments&post=56250"}],"version-history":[{"count":1,"href":"https:\/\/encuentroinformativo.com.mx\/index.php?rest_route=\/wp\/v2\/posts\/56250\/revisions"}],"predecessor-version":[{"id":56252,"href":"https:\/\/encuentroinformativo.com.mx\/index.php?rest_route=\/wp\/v2\/posts\/56250\/revisions\/56252"}],"wp:featuredmedia":[{"embeddable":true,"href":"https:\/\/encuentroinformativo.com.mx\/index.php?rest_route=\/wp\/v2\/media\/56251"}],"wp:attachment":[{"href":"https:\/\/encuentroinformativo.com.mx\/index.php?rest_route=%2Fwp%2Fv2%2Fmedia&parent=56250"}],"wp:term":[{"taxonomy":"category","embeddable":true,"href":"https:\/\/encuentroinformativo.com.mx\/index.php?rest_route=%2Fwp%2Fv2%2Fcategories&post=56250"},{"taxonomy":"post_tag","embeddable":true,"href":"https:\/\/encuentroinformativo.com.mx\/index.php?rest_route=%2Fwp%2Fv2%2Ftags&post=56250"}],"curies":[{"name":"wp","href":"https:\/\/api.w.org\/{rel}","templated":true}]}}