{"id":56253,"date":"2024-07-03T11:09:53","date_gmt":"2024-07-03T17:09:53","guid":{"rendered":"https:\/\/encuentroinformativo.com.mx\/?p=56253"},"modified":"2024-07-03T11:10:05","modified_gmt":"2024-07-03T17:10:05","slug":"sin-luz-en-jamapa-tras-tromba-alerta-ante-proximas-lluvias","status":"publish","type":"post","link":"https:\/\/encuentroinformativo.com.mx\/?p=56253","title":{"rendered":"Sin luz en Jamapa tras tromba; alerta ante pr\u00f3ximas lluvias"},"content":{"rendered":"\n<p><strong>Alejandro \u00c1vila<\/strong><\/p>\n\n\n\n<p>Jamapa, Ver.- Desde la noche la noche de este martes habitantes de varias localidades del municipio de Jamapa se han quedado sin luz debido a las diversas tormentas que han azotado la entidad veracruzana.<\/p>\n\n\n\n<p>Los propios habitantes cercanos al R\u00edo Jamapa instaron al resto de los ciudadanos a no mentir sobre el desborde del r\u00edo en redes sociales o grupos de WhatsApp, pues hasta el momento, si bien ha incrementado su nivel no hay riesgo hasta ahora de desborde.<\/p>\n\n\n\n<p>&#8220;Hace 12 a\u00f1os fue la \u00faltima vez que se sali\u00f3 (el r\u00edo), 10 &#8211; 12 a\u00f1os, ya tiene su tiempo, hab\u00eda subido pero no pasaba de donde estaba el cimiento de la casa no pasaba de ah\u00ed, o sea no sub\u00eda de ah\u00ed, ya que llegar\u00e1 hasta ac\u00e1 era otro tema m\u00e1s grande y no pasaba nada&#8221;, mencion\u00f3 al se\u00f1or Jacobo.<\/p>\n\n\n\n<p>Por su parte, el se\u00f1or Cesar Cruz, dijo que las autoridades municipales en espec\u00edfico las del \u00e1rea de Protecci\u00f3n Civil se mantienen atentos al cauce del r\u00edo y en constante monitoreo para dar aviso a los ciudadanos que se encuentran en posible riesgo, hasta el momento se mantiene todo tranquilo.<\/p>\n","protected":false},"excerpt":{"rendered":"<p>Alejandro \u00c1vila Jamapa, Ver.- Desde la noche la noche de este martes habitantes de varias localidades del municipio de Jamapa se han quedado sin luz debido a las diversas tormentas que han azotado la entidad veracruzana. Los propios habitantes cercanos al R\u00edo Jamapa instaron al resto de los ciudadanos a no mentir sobre el desborde [&hellip;]<\/p>\n","protected":false},"author":2476,"featured_media":56254,"comment_status":"open","ping_status":"open","sticky":false,"template":"","format":"standard","meta":{"_jetpack_memberships_contains_paid_content":false,"footnotes":""},"categories":[3],"tags":[],"class_list":["post-56253","post","type-post","status-publish","format-standard","has-post-thumbnail","hentry","category-xalapa"],"jetpack_featured_media_url":"https:\/\/encuentroinformativo.com.mx\/wp-content\/uploads\/2024\/07\/IMG-20240703-WA0044.jpg","jetpack_sharing_enabled":true,"jetpack_likes_enabled":true,"amp_enabled":true,"_links":{"self":[{"href":"https:\/\/encuentroinformativo.com.mx\/index.php?rest_route=\/wp\/v2\/posts\/56253","targetHints":{"allow":["GET"]}}],"collection":[{"href":"https:\/\/encuentroinformativo.com.mx\/index.php?rest_route=\/wp\/v2\/posts"}],"about":[{"href":"https:\/\/encuentroinformativo.com.mx\/index.php?rest_route=\/wp\/v2\/types\/post"}],"author":[{"embeddable":true,"href":"https:\/\/encuentroinformativo.com.mx\/index.php?rest_route=\/wp\/v2\/users\/2476"}],"replies":[{"embeddable":true,"href":"https:\/\/encuentroinformativo.com.mx\/index.php?rest_route=%2Fwp%2Fv2%2Fcomments&post=56253"}],"version-history":[{"count":1,"href":"https:\/\/encuentroinformativo.com.mx\/index.php?rest_route=\/wp\/v2\/posts\/56253\/revisions"}],"predecessor-version":[{"id":56255,"href":"https:\/\/encuentroinformativo.com.mx\/index.php?rest_route=\/wp\/v2\/posts\/56253\/revisions\/56255"}],"wp:featuredmedia":[{"embeddable":true,"href":"https:\/\/encuentroinformativo.com.mx\/index.php?rest_route=\/wp\/v2\/media\/56254"}],"wp:attachment":[{"href":"https:\/\/encuentroinformativo.com.mx\/index.php?rest_route=%2Fwp%2Fv2%2Fmedia&parent=56253"}],"wp:term":[{"taxonomy":"category","embeddable":true,"href":"https:\/\/encuentroinformativo.com.mx\/index.php?rest_route=%2Fwp%2Fv2%2Fcategories&post=56253"},{"taxonomy":"post_tag","embeddable":true,"href":"https:\/\/encuentroinformativo.com.mx\/index.php?rest_route=%2Fwp%2Fv2%2Ftags&post=56253"}],"curies":[{"name":"wp","href":"https:\/\/api.w.org\/{rel}","templated":true}]}}