{"id":56256,"date":"2024-07-03T11:38:35","date_gmt":"2024-07-03T17:38:35","guid":{"rendered":"https:\/\/encuentroinformativo.com.mx\/?p=56256"},"modified":"2024-07-03T11:38:45","modified_gmt":"2024-07-03T17:38:45","slug":"por-huracan-beryl-reprograman-evento-de-aguas-abiertas-en-alvarado","status":"publish","type":"post","link":"https:\/\/encuentroinformativo.com.mx\/?p=56256","title":{"rendered":"Por huracan &#8220;Beryl&#8221; reprograman evento de Aguas Abiertas en Alvarado"},"content":{"rendered":"\n<p><strong>Alejandro \u00c1vila<\/strong><\/p>\n\n\n\n<p>Alvarado, Ver.- Debido al paso del hurac\u00e1n &#8220;Beryl&#8221;, el evento en los Arrecifes Veracruzanos denominado Aguas Abiertas que se realizar\u00eda en el municipio de Alvarado, ser\u00e1 reprogramado para el d\u00eda 10 de agosto.<\/p>\n\n\n\n<p>El evento que congrega a m\u00e1s de 400 nadadores nacionales e internacionales se realizar\u00eda este s\u00e1bado 6 de julio en las islas Salmedina y de Enmedio como punto de llegada las playas de Ant\u00f3n Lizardo.<\/p>\n\n\n\n<p>La decisi\u00f3n se tom\u00f3 de manera conjunta con las autoridades competentes, incluyendo Capitan\u00eda de Puerto, Parque Nacional Sistema Arrecifal Veracruzano y Protecci\u00f3n Civil del municipio de Alvarado.<\/p>\n\n\n\n<p>\u201cNuestra prioridad y compromiso siempre ser\u00e1 resguardar la salud e integridad de cada uno de nuestros competidores y staff\u201d, se\u00f1ala el comunicado y que ha sido bien aceptado por los nadadores participantes.<\/p>\n\n\n\n<p>En caso de que el evento no pudiera realizarse en la fecha de reprogramaci\u00f3n nuevamente por cuestiones climatol\u00f3gicas, quedar\u00eda cancelado, aunque se ofrecer\u00edan opciones para compensar a los participantes.<\/p>\n","protected":false},"excerpt":{"rendered":"<p>Alejandro \u00c1vila Alvarado, Ver.- Debido al paso del hurac\u00e1n &#8220;Beryl&#8221;, el evento en los Arrecifes Veracruzanos denominado Aguas Abiertas que se realizar\u00eda en el municipio de Alvarado, ser\u00e1 reprogramado para el d\u00eda 10 de agosto. El evento que congrega a m\u00e1s de 400 nadadores nacionales e internacionales se realizar\u00eda este s\u00e1bado 6 de julio en [&hellip;]<\/p>\n","protected":false},"author":2476,"featured_media":56257,"comment_status":"open","ping_status":"open","sticky":false,"template":"","format":"standard","meta":{"_jetpack_memberships_contains_paid_content":false,"footnotes":""},"categories":[2],"tags":[],"class_list":["post-56256","post","type-post","status-publish","format-standard","has-post-thumbnail","hentry","category-estado"],"jetpack_featured_media_url":"https:\/\/encuentroinformativo.com.mx\/wp-content\/uploads\/2024\/07\/IMG-20240703-WA0005.jpg","jetpack_sharing_enabled":true,"jetpack_likes_enabled":true,"amp_enabled":true,"_links":{"self":[{"href":"https:\/\/encuentroinformativo.com.mx\/index.php?rest_route=\/wp\/v2\/posts\/56256","targetHints":{"allow":["GET"]}}],"collection":[{"href":"https:\/\/encuentroinformativo.com.mx\/index.php?rest_route=\/wp\/v2\/posts"}],"about":[{"href":"https:\/\/encuentroinformativo.com.mx\/index.php?rest_route=\/wp\/v2\/types\/post"}],"author":[{"embeddable":true,"href":"https:\/\/encuentroinformativo.com.mx\/index.php?rest_route=\/wp\/v2\/users\/2476"}],"replies":[{"embeddable":true,"href":"https:\/\/encuentroinformativo.com.mx\/index.php?rest_route=%2Fwp%2Fv2%2Fcomments&post=56256"}],"version-history":[{"count":1,"href":"https:\/\/encuentroinformativo.com.mx\/index.php?rest_route=\/wp\/v2\/posts\/56256\/revisions"}],"predecessor-version":[{"id":56258,"href":"https:\/\/encuentroinformativo.com.mx\/index.php?rest_route=\/wp\/v2\/posts\/56256\/revisions\/56258"}],"wp:featuredmedia":[{"embeddable":true,"href":"https:\/\/encuentroinformativo.com.mx\/index.php?rest_route=\/wp\/v2\/media\/56257"}],"wp:attachment":[{"href":"https:\/\/encuentroinformativo.com.mx\/index.php?rest_route=%2Fwp%2Fv2%2Fmedia&parent=56256"}],"wp:term":[{"taxonomy":"category","embeddable":true,"href":"https:\/\/encuentroinformativo.com.mx\/index.php?rest_route=%2Fwp%2Fv2%2Fcategories&post=56256"},{"taxonomy":"post_tag","embeddable":true,"href":"https:\/\/encuentroinformativo.com.mx\/index.php?rest_route=%2Fwp%2Fv2%2Ftags&post=56256"}],"curies":[{"name":"wp","href":"https:\/\/api.w.org\/{rel}","templated":true}]}}