{"id":56261,"date":"2024-07-03T13:10:13","date_gmt":"2024-07-03T19:10:13","guid":{"rendered":"https:\/\/encuentroinformativo.com.mx\/?p=56261"},"modified":"2024-07-03T13:10:19","modified_gmt":"2024-07-03T19:10:19","slug":"localizan-cuerpo-de-cuarto-policia-desaparecido-en-tepetlan","status":"publish","type":"post","link":"https:\/\/encuentroinformativo.com.mx\/?p=56261","title":{"rendered":"Localizan cuerpo de cuarto polic\u00eda desaparecido en Tepetl\u00e1n"},"content":{"rendered":"\n<p><strong>Juan Arcos<\/strong> <\/p>\n\n\n\n<p>Xalapa, Ver.- El pasado domingo 30 de junio una patrulla de la Polic\u00eda Municipal de Tepetl\u00e1n sufri\u00f3 un accidente carretero al realizar recorridos de corroboraci\u00f3n de afectaciones por el paso de la tormenta tropical \u201cChris\u201d en el estado de Veracruz, lo que dej\u00f3 cuatro polic\u00edas muertos, quienes estaban desaparecidos pero sus cuerpos fueron encontrados en distintos puntos del r\u00edo.<\/p>\n\n\n\n<p>La titular de la Secretar\u00eda de Protecci\u00f3n Civil (PC), Guadalupe Osorno Maldonado, revel\u00f3 que se realizaron las labores de b\u00fasqueda correspondientes, localizando la patrulla volcada en un punto de la carretera, as\u00ed como el cuerpo de un elemento policiaco, por lo se mantendr\u00eda la b\u00fasqueda para ubicar a los dem\u00e1s oficiales.<\/p>\n\n\n\n<p>Se perdi\u00f3 la comunicaci\u00f3n con ellos desde las 22:55 horas del domingo y los primeros datos apuntan a que los elementos fueron arrastrados por la corriente de un afluente mientras realizaban los recorridos.<\/p>\n\n\n\n<p>El martes 2 de julio fue localizada la patrulla a la orilla de un afluente, cerca de la carretera Mafafas-Tepetl\u00e1n, donde se trasladaban el director de la Polic\u00eda Municipal de Tepetl\u00e1n, Isidro Solano Juan, as\u00ed como los polic\u00edas Jorge Alberto D\u00edaz Ladr\u00f3n de Guevara, Ricky Luis S\u00e1nchez V\u00e1zquez y Ramiro Garc\u00eda V\u00e1zquez.<\/p>\n\n\n\n<p>Los pobladores de Tepetl\u00e1n confirmaron que fueron localizados los cuerpos de los tres oficiales y la ma\u00f1ana de este mi\u00e9rcoles se report\u00f3 que el comandante tambi\u00e9n hab\u00eda sido encontrado sin vida.<\/p>\n\n\n\n<p>Ellos viajaban en una patrulla para recorrer las zonas afectadas tras las intensas lluvias que ocasion\u00f3 la tormenta tropical en la entidad veracruzana. Los familiares reportaron la desaparici\u00f3n de los polic\u00edas y consideraron que pudieron haber sido arrastrados por el agua tras la creciente del r\u00edo.<\/p>\n\n\n\n<p>Los habitantes y el ayuntamiento de Tepetl\u00e1n pidieron la ayuda a los municipios aleda\u00f1os para sumarse a la b\u00fasqueda, ya que, en caso de que hayan sido arrastrados por el afluente, era posible localizarlos r\u00edo abajo.<\/p>\n\n\n\n<p>Los pobladores se organizaron y formaron brigadas para emprender jornadas de b\u00fasqueda y as\u00ed recorrieron el r\u00edo en busca de los elementos de seguridad, encontrando cada uno de los cuerpos en distintos puntos.<\/p>\n","protected":false},"excerpt":{"rendered":"<p>Juan Arcos Xalapa, Ver.- El pasado domingo 30 de junio una patrulla de la Polic\u00eda Municipal de Tepetl\u00e1n sufri\u00f3 un accidente carretero al realizar recorridos de corroboraci\u00f3n de afectaciones por el paso de la tormenta tropical \u201cChris\u201d en el estado de Veracruz, lo que dej\u00f3 cuatro polic\u00edas muertos, quienes estaban desaparecidos pero sus cuerpos fueron [&hellip;]<\/p>\n","protected":false},"author":2476,"featured_media":56260,"comment_status":"open","ping_status":"open","sticky":false,"template":"","format":"standard","meta":{"_jetpack_memberships_contains_paid_content":false,"footnotes":""},"categories":[2],"tags":[],"class_list":["post-56261","post","type-post","status-publish","format-standard","has-post-thumbnail","hentry","category-estado"],"jetpack_featured_media_url":"https:\/\/encuentroinformativo.com.mx\/wp-content\/uploads\/2024\/07\/IMG-20240703-WA0047.jpg","jetpack_sharing_enabled":true,"jetpack_likes_enabled":true,"amp_enabled":true,"_links":{"self":[{"href":"https:\/\/encuentroinformativo.com.mx\/index.php?rest_route=\/wp\/v2\/posts\/56261","targetHints":{"allow":["GET"]}}],"collection":[{"href":"https:\/\/encuentroinformativo.com.mx\/index.php?rest_route=\/wp\/v2\/posts"}],"about":[{"href":"https:\/\/encuentroinformativo.com.mx\/index.php?rest_route=\/wp\/v2\/types\/post"}],"author":[{"embeddable":true,"href":"https:\/\/encuentroinformativo.com.mx\/index.php?rest_route=\/wp\/v2\/users\/2476"}],"replies":[{"embeddable":true,"href":"https:\/\/encuentroinformativo.com.mx\/index.php?rest_route=%2Fwp%2Fv2%2Fcomments&post=56261"}],"version-history":[{"count":1,"href":"https:\/\/encuentroinformativo.com.mx\/index.php?rest_route=\/wp\/v2\/posts\/56261\/revisions"}],"predecessor-version":[{"id":56262,"href":"https:\/\/encuentroinformativo.com.mx\/index.php?rest_route=\/wp\/v2\/posts\/56261\/revisions\/56262"}],"wp:featuredmedia":[{"embeddable":true,"href":"https:\/\/encuentroinformativo.com.mx\/index.php?rest_route=\/wp\/v2\/media\/56260"}],"wp:attachment":[{"href":"https:\/\/encuentroinformativo.com.mx\/index.php?rest_route=%2Fwp%2Fv2%2Fmedia&parent=56261"}],"wp:term":[{"taxonomy":"category","embeddable":true,"href":"https:\/\/encuentroinformativo.com.mx\/index.php?rest_route=%2Fwp%2Fv2%2Fcategories&post=56261"},{"taxonomy":"post_tag","embeddable":true,"href":"https:\/\/encuentroinformativo.com.mx\/index.php?rest_route=%2Fwp%2Fv2%2Ftags&post=56261"}],"curies":[{"name":"wp","href":"https:\/\/api.w.org\/{rel}","templated":true}]}}