{"id":56266,"date":"2024-07-03T14:16:25","date_gmt":"2024-07-03T20:16:25","guid":{"rendered":"https:\/\/encuentroinformativo.com.mx\/?p=56266"},"modified":"2024-07-03T14:16:33","modified_gmt":"2024-07-03T20:16:33","slug":"arremete-manuel-huerta-contra-trabajo-de-fiscalias","status":"publish","type":"post","link":"https:\/\/encuentroinformativo.com.mx\/?p=56266","title":{"rendered":"Arremete Manuel Huerta contra trabajo de fiscal\u00edas"},"content":{"rendered":"\n<p><strong>Dar\u00edo Pale <\/strong><\/p>\n\n\n\n<p>Xalapa, Ver.- Las fiscal\u00edas General de la Rep\u00fablica (FGR), y la Fiscal\u00eda General del Estado (FGE), se han &#8220;quedado cortas&#8221; y han sido lentas al actuar en casos de Veracruz, por ejemplo contra la familia Yunes, y la alcaldesa de Veracruz, Patricia Lobeira estar\u00eda cometiendo actos delictivos, acus\u00f3 el senador electo de Morena por Veracruz, Manuel Huerta Ladr\u00f3n de Guevara.<\/p>\n\n\n\n<p>En entrevista, reiter\u00f3 que tambi\u00e9n la Secretar\u00eda de Seguridad P\u00fablica ha quedado a deber, incluso lament\u00f3 que ni siquiera se le haya cambiado el nombre como a nivel federal que refiere a la seguridad ciudadana.<\/p>\n\n\n\n<p>&#8220;Yo he sido de los m\u00e1s cr\u00edticos en c\u00f3mo la Fiscal\u00eda General de la Rep\u00fablica, en el caso de los veracruzanos, un expediente como la Carpeta Azul no le ha dado atenci\u00f3n&#8221;, se\u00f1al\u00f3.<\/p>\n\n\n\n<p>&#8220;Y eso tiene que ver con los propios funcionamientos y aqu\u00ed he manifestado sobre c\u00f3mo la Fiscal\u00eda ha quedado corta. He hablado del sistema de seguridad que aqu\u00ed ni el nombre le han cambiado, ya a nivel federal hablamos de seguridad ciudadana y aqu\u00ed se sigue hablando de la seguridad p\u00fablica&#8221;, agreg\u00f3.<\/p>\n\n\n\n<p>Abund\u00f3 que con la reforma integral al Poder Judicial de la Federaci\u00f3n las defensor\u00edas p\u00fablicas ser\u00e1n retomadas y espera tambi\u00e9n que los esquemas de readaptaci\u00f3n social.<\/p>\n\n\n\n<p>Huerta Ladr\u00f3n de Guevara manifest\u00f3 que se trata de una transformaci\u00f3n acelerada, pero hay que empezar con la reforma a dicha soberan\u00eda.<\/p>\n\n\n\n<p>En otro orden de ideas, sobre el nuevo citatorio al senador electo del PAN, Miguel \u00c1ngel Yunes M\u00e1rquez, para este viernes en los juzgados de Pacho Viejo, consider\u00f3 que est\u00e1 haciendo uso de &#8220;chicanadas&#8221; jur\u00eddicas.<\/p>\n\n\n\n<p>&#8220;Si no hubiera colaboraci\u00f3n por parte del sector que los juzga, deber\u00edan tener mecanismos para romper esos esquemas de chicanadas&#8221;, coment\u00f3.<br>Por lo que se pronunci\u00f3 porque se vaya contra quienes emiten dict\u00e1menes m\u00e9dicos que favorece al se\u00f1alado.<\/p>\n\n\n\n<p>Reiter\u00f3 que la familia Yunes ha cometido tantos delitos a lo largo de su vida, tanto el pap\u00e1 como sus hijos, que incluso ahora la nuera, es decir, la alcaldesa de Veracruz, Patricia Lobeira, estar\u00eda cometiendo &#8220;actos delictivos&#8221;.<\/p>\n\n\n\n<p>Huerta abund\u00f3 que toda la familia tiene una larga cola que le pisen que va de Xalapa al malec\u00f3n de Veracruz.<\/p>\n\n\n\n<p>En ese sentido, insisti\u00f3 en que tanto la administraci\u00f3n como la procuraci\u00f3n de justicia, es decir, el Poder Judicial y la Fiscal\u00eda General del Estado, deben actuar de manera diferente.<\/p>\n\n\n\n<p>&#8220;Yo ya he dicho que la Fiscal\u00eda General de la Rep\u00fablica ha sido muy lenta en todo lo que implica la carpeta azul, pero tambi\u00e9n me queda claro que cuando \u00e9l -Miguel \u00c1ngel Yunes Linares- sale (a decir que fue exonerado), \u00bferes actuario de la Fiscal\u00eda?, por qu\u00e9 la Fiscal\u00eda no se pronuncia&#8221;, coment\u00f3.<\/p>\n\n\n\n<p>Finalmente, respecto del posible nombramiento de Juan Javier G\u00f3mez Cazar\u00edn como posible pr\u00f3ximo delegado de la Secretar\u00eda de Gobernaci\u00f3n, dijo que es un cargo muy poderoso y estar\u00eda a la altura de lo que Veracruz reclama, &#8220;Va a ser muy poderoso, va a ser muy importante&#8221;, expres\u00f3.<\/p>\n","protected":false},"excerpt":{"rendered":"<p>Dar\u00edo Pale Xalapa, Ver.- Las fiscal\u00edas General de la Rep\u00fablica (FGR), y la Fiscal\u00eda General del Estado (FGE), se han &#8220;quedado cortas&#8221; y han sido lentas al actuar en casos de Veracruz, por ejemplo contra la familia Yunes, y la alcaldesa de Veracruz, Patricia Lobeira estar\u00eda cometiendo actos delictivos, acus\u00f3 el senador electo de Morena [&hellip;]<\/p>\n","protected":false},"author":2476,"featured_media":56268,"comment_status":"open","ping_status":"open","sticky":false,"template":"","format":"standard","meta":{"_jetpack_memberships_contains_paid_content":false,"footnotes":""},"categories":[2],"tags":[],"class_list":["post-56266","post","type-post","status-publish","format-standard","has-post-thumbnail","hentry","category-estado"],"jetpack_featured_media_url":"https:\/\/encuentroinformativo.com.mx\/wp-content\/uploads\/2024\/07\/IMG-20240703-WA00642.jpg","jetpack_sharing_enabled":true,"jetpack_likes_enabled":true,"amp_enabled":true,"_links":{"self":[{"href":"https:\/\/encuentroinformativo.com.mx\/index.php?rest_route=\/wp\/v2\/posts\/56266","targetHints":{"allow":["GET"]}}],"collection":[{"href":"https:\/\/encuentroinformativo.com.mx\/index.php?rest_route=\/wp\/v2\/posts"}],"about":[{"href":"https:\/\/encuentroinformativo.com.mx\/index.php?rest_route=\/wp\/v2\/types\/post"}],"author":[{"embeddable":true,"href":"https:\/\/encuentroinformativo.com.mx\/index.php?rest_route=\/wp\/v2\/users\/2476"}],"replies":[{"embeddable":true,"href":"https:\/\/encuentroinformativo.com.mx\/index.php?rest_route=%2Fwp%2Fv2%2Fcomments&post=56266"}],"version-history":[{"count":1,"href":"https:\/\/encuentroinformativo.com.mx\/index.php?rest_route=\/wp\/v2\/posts\/56266\/revisions"}],"predecessor-version":[{"id":56269,"href":"https:\/\/encuentroinformativo.com.mx\/index.php?rest_route=\/wp\/v2\/posts\/56266\/revisions\/56269"}],"wp:featuredmedia":[{"embeddable":true,"href":"https:\/\/encuentroinformativo.com.mx\/index.php?rest_route=\/wp\/v2\/media\/56268"}],"wp:attachment":[{"href":"https:\/\/encuentroinformativo.com.mx\/index.php?rest_route=%2Fwp%2Fv2%2Fmedia&parent=56266"}],"wp:term":[{"taxonomy":"category","embeddable":true,"href":"https:\/\/encuentroinformativo.com.mx\/index.php?rest_route=%2Fwp%2Fv2%2Fcategories&post=56266"},{"taxonomy":"post_tag","embeddable":true,"href":"https:\/\/encuentroinformativo.com.mx\/index.php?rest_route=%2Fwp%2Fv2%2Ftags&post=56266"}],"curies":[{"name":"wp","href":"https:\/\/api.w.org\/{rel}","templated":true}]}}