{"id":5627,"date":"2020-09-08T10:24:44","date_gmt":"2020-09-08T15:24:44","guid":{"rendered":"https:\/\/encuentroinformativo.com\/?p=5627"},"modified":"2020-09-08T10:24:47","modified_gmt":"2020-09-08T15:24:47","slug":"prolongar-el-poder","status":"publish","type":"post","link":"https:\/\/encuentroinformativo.com.mx\/?p=5627","title":{"rendered":"Prolongar el poder&#8230;"},"content":{"rendered":"\n<p><strong>Los Pol\u00edticos<\/strong><\/p>\n\n\n\n<p><strong>Salvador Mu\u00f1oz<\/strong><br><\/p>\n\n\n\n<p>Estamos tan enfrascados en que si Fernando Yunes es candidato a la gubernatura, o si su hermano Miguel ir\u00eda por la alcald\u00eda de Veracruz o una diputaci\u00f3n o qu\u00e9 tal si el hijo del Senador Julen Rementer\u00eda va igual por la presidencia municipal jarocha, lo que deriva todo esto en un concentrado de familias en el poder que parece que buscan prolongar su estad\u00eda en el poder; y mientras unos se escandalizan por esto, otros, pian pianito, sin hacer mucho ruido, van acomodando sus piezas.<\/p>\n\n\n\n<p>\u00bfSe ha dado cuenta que si hay un cargo que ponga a un funcionario p\u00fablico con un pie en una candidatura es el DIF municipal? Claro, no es lo \u00fanico, igual vale el apellido, es decir, ser pariente del que ostenta el poder local en este momento, que va m\u00e1s all\u00e1 del c\u00f3nyuge, pues aqu\u00ed entra la hija, el hijo, el hermano, y lo que se les ocurra\u2026<\/p>\n\n\n\n<p>Un ejemplo de ello puede ser el alcalde de Coatepec, Luis Enrique Fern\u00e1ndez Peredo\u2026 en este caso, a quien impulsa el edil, es a su hermano, Luis de Jes\u00fas Fern\u00e1ndez Peredo, quien se encarga de checar que todos los empleados del Ayuntamiento est\u00e9n sanos, \u00a1claro! siempre y cuando, la especie \u00e9sa de que es el encargado de hacerles an\u00e1lisis cl\u00ednicos por 70 mil pesos mensuales, sea cierta.<\/p>\n\n\n\n<p>Luis Enrique no se va de bruces\u2026 antes de apoyar a su carnal, hizo un sondeo para tentarle el agua a los camotes y el resultado fue que nom\u00e1s no le daba a su pariente para ser votado\u2026 as\u00ed que entre sus planes est\u00e1 la de colocar a su \u201cbro\u201d como Regidor Primero en la planilla que viene\u2026 de cierto modo, uno pudiera considerar al alcalde hasta modesto si lo ponemos con algunos ejemplos en este distrito\u2026 de no ser por la siguiente an\u00e9cdota que se cuenta:<\/p>\n\n\n\n<p>En junio 12 pasado, escrib\u00edamos: \u201cAll\u00e1, enfrente de Palacio Municipal, en conocido caf\u00e9 de Coatepec, se sent\u00f3 con el presidente municipal Enrique Fern\u00e1ndez Peredo\u2026 una hora de conversaci\u00f3n, de di\u00e1logo, de exponer las bondades de la Reforma Electoral\u2026 \u00a1y pues no! El Cabildo de Coatepec vot\u00f3 en contra\u2026 s\u00ed, El Car\u00f3n entiende que a veces no se puede ganar todas\u2026 casi le ocurre lo mismo en Sayula de Alem\u00e1n\u2026 casi\u2026\u201d<\/p>\n\n\n\n<p>La otra parte que cuentan que se dio en esa reuni\u00f3n, es que el alcalde de Coatepec sugiri\u00f3 al presidente de la Mesa Directiva, Juan Javier G\u00f3mez Cazar\u00edn, si pod\u00eda ser candidato a diputado local por Morena. Nos queda claro que la respuesta del Car\u00f3n pudo ser en una negativa o en el dejar bien preciso que esa decisi\u00f3n no era una competencia absoluta de \u00e9l\u2026<\/p>\n\n\n\n<p>Quiz\u00e1s por eso, ahora, en estos momentos, el alcalde Luis Enrique Fern\u00e1ndez Peredo ya se forme entre los aspirantes a una curul, pero por el PAN, en un tridente que quieren ir posicionando, tanto en el azul coatepecano como entre la sociedad: Jos\u00e9 Manuel S\u00e1nchez Mart\u00ednez, quien ya fue legislador local, buscar\u00eda la candidatura por la presidencia municipal, y por otro lado, Abel Cuevas Melo, a quien ubican como prospecto a la candidatura por una curul federal.<\/p>\n\n\n\n<p>Pero una cosa es lo que pudiera pretender el alcalde de Coatepec, con todo y madrina pol\u00edtica que se agenci\u00f3 en el Congreso local, y otra, la que el partido de Joaqu\u00edn Guzm\u00e1n Avil\u00e9s decida, porque no hay que olvidar una cosa: el origen de Luis Enrique. \u00c9l fue impulsado por Everardo Soto Matla, y \u00e9ste a su vez, bajo la sombra de Miguel \u00c1ngel Yunes Linares, lo que le da un \u201cismo\u201d a Fern\u00e1ndez Peredo, a Jos\u00e9 Manuel y por ende, a Abel, que no es bien visto en estos momentos en el CDE del PAN&#8230; el espacio se nos termin\u00f3\u2026 pero ma\u00f1ana le seguimos con el deseo oscuro de los que est\u00e1n en el poder de prolongar su poder a trav\u00e9s de sus parientes&#8230;<br><\/p>\n\n\n\n<p><a href=\"mailto:smcainito@gmail.com\" target=\"_blank\" rel=\"noreferrer noopener\">smcainito@gmail.com<\/a><\/p>\n","protected":false},"excerpt":{"rendered":"<p>Los Pol\u00edticos Salvador Mu\u00f1oz Estamos tan enfrascados en que si Fernando Yunes es candidato a la gubernatura, o si su hermano Miguel ir\u00eda por la alcald\u00eda de Veracruz o una diputaci\u00f3n o qu\u00e9 tal si el hijo del Senador Julen Rementer\u00eda va igual por la presidencia municipal jarocha, lo que deriva todo esto en un [&hellip;]<\/p>\n","protected":false},"author":1,"featured_media":387,"comment_status":"open","ping_status":"open","sticky":false,"template":"","format":"standard","meta":{"_jetpack_memberships_contains_paid_content":false,"footnotes":""},"categories":[11],"tags":[],"class_list":["post-5627","post","type-post","status-publish","format-standard","has-post-thumbnail","hentry","category-opinion"],"jetpack_featured_media_url":"https:\/\/encuentroinformativo.com.mx\/wp-content\/uploads\/2020\/03\/7CF8A22B-2764-47BE-8F7F-38FE9E5D6A2F.jpeg","jetpack_sharing_enabled":true,"jetpack_likes_enabled":true,"amp_enabled":true,"_links":{"self":[{"href":"https:\/\/encuentroinformativo.com.mx\/index.php?rest_route=\/wp\/v2\/posts\/5627","targetHints":{"allow":["GET"]}}],"collection":[{"href":"https:\/\/encuentroinformativo.com.mx\/index.php?rest_route=\/wp\/v2\/posts"}],"about":[{"href":"https:\/\/encuentroinformativo.com.mx\/index.php?rest_route=\/wp\/v2\/types\/post"}],"author":[{"embeddable":true,"href":"https:\/\/encuentroinformativo.com.mx\/index.php?rest_route=\/wp\/v2\/users\/1"}],"replies":[{"embeddable":true,"href":"https:\/\/encuentroinformativo.com.mx\/index.php?rest_route=%2Fwp%2Fv2%2Fcomments&post=5627"}],"version-history":[{"count":1,"href":"https:\/\/encuentroinformativo.com.mx\/index.php?rest_route=\/wp\/v2\/posts\/5627\/revisions"}],"predecessor-version":[{"id":5628,"href":"https:\/\/encuentroinformativo.com.mx\/index.php?rest_route=\/wp\/v2\/posts\/5627\/revisions\/5628"}],"wp:featuredmedia":[{"embeddable":true,"href":"https:\/\/encuentroinformativo.com.mx\/index.php?rest_route=\/wp\/v2\/media\/387"}],"wp:attachment":[{"href":"https:\/\/encuentroinformativo.com.mx\/index.php?rest_route=%2Fwp%2Fv2%2Fmedia&parent=5627"}],"wp:term":[{"taxonomy":"category","embeddable":true,"href":"https:\/\/encuentroinformativo.com.mx\/index.php?rest_route=%2Fwp%2Fv2%2Fcategories&post=5627"},{"taxonomy":"post_tag","embeddable":true,"href":"https:\/\/encuentroinformativo.com.mx\/index.php?rest_route=%2Fwp%2Fv2%2Ftags&post=5627"}],"curies":[{"name":"wp","href":"https:\/\/api.w.org\/{rel}","templated":true}]}}