{"id":56270,"date":"2024-07-03T18:01:39","date_gmt":"2024-07-04T00:01:39","guid":{"rendered":"https:\/\/encuentroinformativo.com.mx\/?p=56270"},"modified":"2024-07-03T18:01:49","modified_gmt":"2024-07-04T00:01:49","slug":"cultivos-de-maiz-afectados-por-lluvias-sedarpa","status":"publish","type":"post","link":"https:\/\/encuentroinformativo.com.mx\/?p=56270","title":{"rendered":"Cultivos de ma\u00edz, afectados por lluvias: Sedarpa"},"content":{"rendered":"\n<p><strong>Dar\u00edo Pale <\/strong><\/p>\n\n\n\n<p>Xalapa, Ver.- Por condiciones clim\u00e1ticas, el ma\u00edz ser\u00eda el cultivo m\u00e1s afectado en los \u00faltimos meses; se realiza censo, as\u00ed lo dio a conocer la subsecretaria de Desarrollo Agr\u00edcola de la Secretar\u00eda de Desarrollo Agropecuario, Rural y Pesca (SEDARPA), Patricia C\u00f3rdoba Carballo.<\/p>\n\n\n\n<p>En entrevista, inform\u00f3 que la aseguradora est\u00e1 llevando a cabo un censo de las afectaciones al campo tras la sequ\u00eda de los \u00faltimos meses y las intensas lluvias provocadas por la tormenta tropical &#8220;Alberto&#8221;.<\/p>\n\n\n\n<p>Explic\u00f3 que, tras los reportes de da\u00f1os, se realizan los muestreos para determinar la cifra destinada a cubrir las p\u00e9rdidas, siendo los cultivos de ma\u00edz los m\u00e1s afectados.<\/p>\n\n\n\n<p>&#8220;Ya tenemos algunos reportes preliminares. Primero, enviamos a nuestra aseguradora para que haga los muestreos y nos proporcione cifras concretas; por ahora, podemos decir que el ma\u00edz es el cultivo m\u00e1s afectado. A\u00fan no tenemos un compendio completo, pero los municipios est\u00e1n acopiando la informaci\u00f3n de las zonas siniestradas&#8221;, se\u00f1al\u00f3.<\/p>\n\n\n\n<p>C\u00f3rdoba Carballo tambi\u00e9n mencion\u00f3 que muchos cultivos resultaron da\u00f1ados por la sequ\u00eda de meses anteriores, mayormente, municipios de la zona norte de Veracruz.<\/p>\n\n\n\n<p>Sin embargo, consider\u00f3 prematuro determinar si las afectaciones impactar\u00e1n la producci\u00f3n, ya que el censo est\u00e1 en curso para conocer la superficie y el volumen de los da\u00f1os.<\/p>\n\n\n\n<p>&#8220;El norte del estado, particularmente la Huasteca y P\u00e1nuco, son las zonas m\u00e1s afectadas, y en menor medida el sur\u201d, coment\u00f3.<\/p>\n\n\n\n<p>Sin embargo, reconoci\u00f3 que el proceso de apoyo a los productores no es sencillo.<\/p>\n\n\n\n<p>\u201cPrimero deben acercarse a su autoridad municipal, quien acopia la informaci\u00f3n que luego llega a la Secretar\u00eda y finalmente se realiza la visita de la aseguradora&#8221;, inform\u00f3.<\/p>\n\n\n\n<p>Finalmente la SEDARPA inform\u00f3 que el censo permitir\u00e1 conocer cu\u00e1ntos productores se vieron afectados, y se espera tener un reporte completo de los da\u00f1os ocasionados por la sequ\u00eda y las recientes lluvias e inundaciones a finales de julio.<\/p>\n","protected":false},"excerpt":{"rendered":"<p>Dar\u00edo Pale Xalapa, Ver.- Por condiciones clim\u00e1ticas, el ma\u00edz ser\u00eda el cultivo m\u00e1s afectado en los \u00faltimos meses; se realiza censo, as\u00ed lo dio a conocer la subsecretaria de Desarrollo Agr\u00edcola de la Secretar\u00eda de Desarrollo Agropecuario, Rural y Pesca (SEDARPA), Patricia C\u00f3rdoba Carballo. En entrevista, inform\u00f3 que la aseguradora est\u00e1 llevando a cabo un [&hellip;]<\/p>\n","protected":false},"author":2476,"featured_media":56271,"comment_status":"open","ping_status":"open","sticky":false,"template":"","format":"standard","meta":{"_jetpack_memberships_contains_paid_content":false,"footnotes":""},"categories":[2],"tags":[],"class_list":["post-56270","post","type-post","status-publish","format-standard","has-post-thumbnail","hentry","category-estado"],"jetpack_featured_media_url":"https:\/\/encuentroinformativo.com.mx\/wp-content\/uploads\/2024\/07\/IMG-20240703-WA0073.jpg","jetpack_sharing_enabled":true,"jetpack_likes_enabled":true,"amp_enabled":true,"_links":{"self":[{"href":"https:\/\/encuentroinformativo.com.mx\/index.php?rest_route=\/wp\/v2\/posts\/56270","targetHints":{"allow":["GET"]}}],"collection":[{"href":"https:\/\/encuentroinformativo.com.mx\/index.php?rest_route=\/wp\/v2\/posts"}],"about":[{"href":"https:\/\/encuentroinformativo.com.mx\/index.php?rest_route=\/wp\/v2\/types\/post"}],"author":[{"embeddable":true,"href":"https:\/\/encuentroinformativo.com.mx\/index.php?rest_route=\/wp\/v2\/users\/2476"}],"replies":[{"embeddable":true,"href":"https:\/\/encuentroinformativo.com.mx\/index.php?rest_route=%2Fwp%2Fv2%2Fcomments&post=56270"}],"version-history":[{"count":1,"href":"https:\/\/encuentroinformativo.com.mx\/index.php?rest_route=\/wp\/v2\/posts\/56270\/revisions"}],"predecessor-version":[{"id":56272,"href":"https:\/\/encuentroinformativo.com.mx\/index.php?rest_route=\/wp\/v2\/posts\/56270\/revisions\/56272"}],"wp:featuredmedia":[{"embeddable":true,"href":"https:\/\/encuentroinformativo.com.mx\/index.php?rest_route=\/wp\/v2\/media\/56271"}],"wp:attachment":[{"href":"https:\/\/encuentroinformativo.com.mx\/index.php?rest_route=%2Fwp%2Fv2%2Fmedia&parent=56270"}],"wp:term":[{"taxonomy":"category","embeddable":true,"href":"https:\/\/encuentroinformativo.com.mx\/index.php?rest_route=%2Fwp%2Fv2%2Fcategories&post=56270"},{"taxonomy":"post_tag","embeddable":true,"href":"https:\/\/encuentroinformativo.com.mx\/index.php?rest_route=%2Fwp%2Fv2%2Ftags&post=56270"}],"curies":[{"name":"wp","href":"https:\/\/api.w.org\/{rel}","templated":true}]}}