{"id":56275,"date":"2024-07-04T12:32:35","date_gmt":"2024-07-04T18:32:35","guid":{"rendered":"https:\/\/encuentroinformativo.com.mx\/?p=56275"},"modified":"2024-07-04T12:32:42","modified_gmt":"2024-07-04T18:32:42","slug":"capacita-transito-del-estado-a-taxistas-en-seguridad-vial-y-protocolos-de-emergencia","status":"publish","type":"post","link":"https:\/\/encuentroinformativo.com.mx\/?p=56275","title":{"rendered":"Capacita Tr\u00e1nsito del Estado a taxistas en Seguridad Vial y Protocolos de Emergencia"},"content":{"rendered":"\n<p>Altotonga, Ver..- En un esfuerzo continuo por mejorar la seguridad y el bienestar de los trabajadores del volante, la Direcci\u00f3n General de Tr\u00e1nsito y Seguridad Vial, en colaboraci\u00f3n con el C4 de Mart\u00ednez de la Torre y la Unidad Especializada en Combate al Secuestro (UECS), llev\u00f3 a cabo un curso y capacitaci\u00f3n integral para cerca de 80 taxistas del municipio de Altotonga.<\/p>\n\n\n\n<p>Esta iniciativa responde a los acuerdos tomados en las Mesas de Seguridad y forma parte de la estrategia de seguridad implementada por el gobierno estatal a trav\u00e9s de la Secretar\u00eda de Seguridad P\u00fablica (SSP).<\/p>\n\n\n\n<p>El curso incluy\u00f3 diversas pl\u00e1ticas y talleres dise\u00f1ados para mejorar la seguridad vial y preparar a los taxistas para situaciones de emergencia. Entre los temas abordados se destacaron:<br>\u2022 Manejo a la Defensiva y Motociclista Seguro: Impartido por la Direcci\u00f3n General de Tr\u00e1nsito y Seguridad Vial, este m\u00f3dulo se centr\u00f3 en t\u00e9cnicas de conducci\u00f3n segura y estrategias para prevenir accidentes, tanto para conductores de taxis como para motociclistas.<br>\u2022 Comunicaci\u00f3n en Emergencias: En coordinaci\u00f3n con el C4 de Mart\u00ednez de la Torre, se instruy\u00f3 a los taxistas sobre c\u00f3mo comunicarse de manera efectiva a la l\u00ednea de emergencia 089, asegurando una respuesta r\u00e1pida y adecuada ante cualquier incidente.<br>\u2022 Medidas Generales Antes, Durante y Despu\u00e9s de un Secuestro: Personal de la Unidad Especializada en Combate al Secuestro (UECS) proporcion\u00f3 informaci\u00f3n crucial sobre c\u00f3mo actuar en caso de secuestro, con el objetivo de proteger su integridad y la de sus pasajeros.<\/p>\n\n\n\n<p>La capacitaci\u00f3n se llev\u00f3 a cabo dentro de las instalaciones del auditorio municipal de este municipio, en un ambiente de colaboraci\u00f3n y aprendizaje, reforzando el compromiso de las autoridades estatales y municipales con la seguridad de los trabajadores del volante y, por ende, de toda la comunidad de Altotonga.<\/p>\n\n\n\n<p>Estas acciones forman parte de una estrategia m\u00e1s amplia de seguridad que la SSP implementa en todo el estado de Veracruz, buscando salvaguardar la integridad de las y los veracruzanos.<\/p>\n\n\n\n<p>Se espera que, con estos conocimientos, los taxistas est\u00e9n mejor preparados para enfrentar situaciones de riesgo y contribuir a un entorno m\u00e1s seguro para todos.<\/p>\n","protected":false},"excerpt":{"rendered":"<p>Altotonga, Ver..- En un esfuerzo continuo por mejorar la seguridad y el bienestar de los trabajadores del volante, la Direcci\u00f3n General de Tr\u00e1nsito y Seguridad Vial, en colaboraci\u00f3n con el C4 de Mart\u00ednez de la Torre y la Unidad Especializada en Combate al Secuestro (UECS), llev\u00f3 a cabo un curso y capacitaci\u00f3n integral para cerca [&hellip;]<\/p>\n","protected":false},"author":2476,"featured_media":56276,"comment_status":"open","ping_status":"open","sticky":false,"template":"","format":"standard","meta":{"_jetpack_memberships_contains_paid_content":false,"footnotes":""},"categories":[2],"tags":[],"class_list":["post-56275","post","type-post","status-publish","format-standard","has-post-thumbnail","hentry","category-estado"],"jetpack_featured_media_url":"https:\/\/encuentroinformativo.com.mx\/wp-content\/uploads\/2024\/07\/IMG-20240704-WA0036.jpg","jetpack_sharing_enabled":true,"jetpack_likes_enabled":true,"amp_enabled":true,"_links":{"self":[{"href":"https:\/\/encuentroinformativo.com.mx\/index.php?rest_route=\/wp\/v2\/posts\/56275","targetHints":{"allow":["GET"]}}],"collection":[{"href":"https:\/\/encuentroinformativo.com.mx\/index.php?rest_route=\/wp\/v2\/posts"}],"about":[{"href":"https:\/\/encuentroinformativo.com.mx\/index.php?rest_route=\/wp\/v2\/types\/post"}],"author":[{"embeddable":true,"href":"https:\/\/encuentroinformativo.com.mx\/index.php?rest_route=\/wp\/v2\/users\/2476"}],"replies":[{"embeddable":true,"href":"https:\/\/encuentroinformativo.com.mx\/index.php?rest_route=%2Fwp%2Fv2%2Fcomments&post=56275"}],"version-history":[{"count":1,"href":"https:\/\/encuentroinformativo.com.mx\/index.php?rest_route=\/wp\/v2\/posts\/56275\/revisions"}],"predecessor-version":[{"id":56277,"href":"https:\/\/encuentroinformativo.com.mx\/index.php?rest_route=\/wp\/v2\/posts\/56275\/revisions\/56277"}],"wp:featuredmedia":[{"embeddable":true,"href":"https:\/\/encuentroinformativo.com.mx\/index.php?rest_route=\/wp\/v2\/media\/56276"}],"wp:attachment":[{"href":"https:\/\/encuentroinformativo.com.mx\/index.php?rest_route=%2Fwp%2Fv2%2Fmedia&parent=56275"}],"wp:term":[{"taxonomy":"category","embeddable":true,"href":"https:\/\/encuentroinformativo.com.mx\/index.php?rest_route=%2Fwp%2Fv2%2Fcategories&post=56275"},{"taxonomy":"post_tag","embeddable":true,"href":"https:\/\/encuentroinformativo.com.mx\/index.php?rest_route=%2Fwp%2Fv2%2Ftags&post=56275"}],"curies":[{"name":"wp","href":"https:\/\/api.w.org\/{rel}","templated":true}]}}