{"id":56284,"date":"2024-07-04T13:43:23","date_gmt":"2024-07-04T19:43:23","guid":{"rendered":"https:\/\/encuentroinformativo.com.mx\/?p=56284"},"modified":"2024-07-04T13:43:29","modified_gmt":"2024-07-04T19:43:29","slug":"por-amenazas-de-demanda-corren-a-docentes-en-escuela-portena","status":"publish","type":"post","link":"https:\/\/encuentroinformativo.com.mx\/?p=56284","title":{"rendered":"Por amenazas de demanda corren a docentes en escuela porte\u00f1a"},"content":{"rendered":"\n<p><strong>Alejandro \u00c1vila<\/strong><\/p>\n\n\n\n<p>Veracruz, Ver.- Al menos dos docentes han sido despedidos de la escuela &#8220;La Cantonal&#8221;, ubicada en el centro hist\u00f3rico del municipio de Veracruz, pues un padre de familia ha amenazado con demandar a los maestros por presunto acoso escolar en contra de su hija.<\/p>\n\n\n\n<p>Tras la situaci\u00f3n, tanto Supervisi\u00f3n Escolar como la direcci\u00f3n del plantel educativo decidieron cesar a uno de los maestros d\u00edas antes del inicio de los ex\u00e1menes de fin de curso.<\/p>\n\n\n\n<p>&#8220;En esta ocasi\u00f3n nos enteramos de \u00faltimo momento, nos quitaron al maestro a 4 d\u00edas de hacer los ex\u00e1menes (\u2026) quinto grado, en este a\u00f1o cuatro maestros -cesados- pero es un problema que viene de a\u00f1os&#8221;, se\u00f1al\u00f3 una de las madres afectadas.<\/p>\n\n\n\n<p>Los padres de familia de los alumnos del quinto grado grupo A se\u00f1alaron que la propia alumna amenaza a sus compa\u00f1eros con denunciarlos penalmente si estos la miran feo o hacen algo que a ella no le parezca.<\/p>\n\n\n\n<p>&#8220;El problema empez\u00f3 con la se\u00f1ora cuando perdi\u00f3 el poder de la APF que tuvo por varios a\u00f1os, y el control de la Cooperativa Escolar. La se\u00f1ora perdi\u00f3 el poder econ\u00f3mico que ven\u00eda manejando y empezaron las quejas&#8221;, reclamaron.<\/p>\n","protected":false},"excerpt":{"rendered":"<p>Alejandro \u00c1vila Veracruz, Ver.- Al menos dos docentes han sido despedidos de la escuela &#8220;La Cantonal&#8221;, ubicada en el centro hist\u00f3rico del municipio de Veracruz, pues un padre de familia ha amenazado con demandar a los maestros por presunto acoso escolar en contra de su hija. Tras la situaci\u00f3n, tanto Supervisi\u00f3n Escolar como la direcci\u00f3n [&hellip;]<\/p>\n","protected":false},"author":2476,"featured_media":56285,"comment_status":"open","ping_status":"open","sticky":false,"template":"","format":"standard","meta":{"_jetpack_memberships_contains_paid_content":false,"footnotes":""},"categories":[2],"tags":[],"class_list":["post-56284","post","type-post","status-publish","format-standard","has-post-thumbnail","hentry","category-estado"],"jetpack_featured_media_url":"https:\/\/encuentroinformativo.com.mx\/wp-content\/uploads\/2024\/07\/IMG-20240704-WA0053.jpg","jetpack_sharing_enabled":true,"jetpack_likes_enabled":true,"amp_enabled":true,"_links":{"self":[{"href":"https:\/\/encuentroinformativo.com.mx\/index.php?rest_route=\/wp\/v2\/posts\/56284","targetHints":{"allow":["GET"]}}],"collection":[{"href":"https:\/\/encuentroinformativo.com.mx\/index.php?rest_route=\/wp\/v2\/posts"}],"about":[{"href":"https:\/\/encuentroinformativo.com.mx\/index.php?rest_route=\/wp\/v2\/types\/post"}],"author":[{"embeddable":true,"href":"https:\/\/encuentroinformativo.com.mx\/index.php?rest_route=\/wp\/v2\/users\/2476"}],"replies":[{"embeddable":true,"href":"https:\/\/encuentroinformativo.com.mx\/index.php?rest_route=%2Fwp%2Fv2%2Fcomments&post=56284"}],"version-history":[{"count":1,"href":"https:\/\/encuentroinformativo.com.mx\/index.php?rest_route=\/wp\/v2\/posts\/56284\/revisions"}],"predecessor-version":[{"id":56286,"href":"https:\/\/encuentroinformativo.com.mx\/index.php?rest_route=\/wp\/v2\/posts\/56284\/revisions\/56286"}],"wp:featuredmedia":[{"embeddable":true,"href":"https:\/\/encuentroinformativo.com.mx\/index.php?rest_route=\/wp\/v2\/media\/56285"}],"wp:attachment":[{"href":"https:\/\/encuentroinformativo.com.mx\/index.php?rest_route=%2Fwp%2Fv2%2Fmedia&parent=56284"}],"wp:term":[{"taxonomy":"category","embeddable":true,"href":"https:\/\/encuentroinformativo.com.mx\/index.php?rest_route=%2Fwp%2Fv2%2Fcategories&post=56284"},{"taxonomy":"post_tag","embeddable":true,"href":"https:\/\/encuentroinformativo.com.mx\/index.php?rest_route=%2Fwp%2Fv2%2Ftags&post=56284"}],"curies":[{"name":"wp","href":"https:\/\/api.w.org\/{rel}","templated":true}]}}