{"id":56287,"date":"2024-07-04T13:46:05","date_gmt":"2024-07-04T19:46:05","guid":{"rendered":"https:\/\/encuentroinformativo.com.mx\/?p=56287"},"modified":"2024-07-04T13:46:12","modified_gmt":"2024-07-04T19:46:12","slug":"lluvias-durante-carnaval-afectaron-en-derrama-economica-canirac","status":"publish","type":"post","link":"https:\/\/encuentroinformativo.com.mx\/?p=56287","title":{"rendered":"Lluvias durante Carnaval afectaron en derrama econ\u00f3mica: Canirac"},"content":{"rendered":"\n<p><strong>Alejandro \u00c1vila<\/strong><\/p>\n\n\n\n<p>Veracruz, Ver.- La presidenta de CANIRAC, Abigail Guzm\u00e1n, reconoci\u00f3 que por las lluvias que se presentaron durante los \u00faltimos 3 d\u00edas de desfiles en el Carnaval no se cumpli\u00f3 con la derrama econ\u00f3mica esperada durante la fiesta.<\/p>\n\n\n\n<p>A pesar de ello, dijo que se lleg\u00f3 a un aumento del 30 por ciento en las ventas, lo cual considera un buen porcentaje para el sector restaurantero.<\/p>\n\n\n\n<p>&#8220;Este Carnaval ten\u00eda altas expectativas en el caso de nuestro sector, ten\u00edamos muchas expectativas sobre el, la cartelera de artistas invitados muy buena, entonces eso hizo tambi\u00e9n que llegara turismo desde principios de semana y estaba repuntando, lamentablemente por las condiciones del clima pues ah\u00ed no se puede hacer nada y eso fue lo que afect\u00f3 (\u2026) el aumento s\u00ed, 30 por ciento, 30 por ciento es muy bueno, la expectativa s\u00ed est\u00e1bamos esperando un 40 por ciento, lo que afect\u00f3 fue el problema de los 3 d\u00edas posteriores, domingo, lunes y martes, que hizo que bajara&#8221;, declar\u00f3.<\/p>\n\n\n\n<p>En otro tema, la empresaria restaurantera mencion\u00f3 que, si bien se debe reestructurar la organizaci\u00f3n del Carnaval no considera viable que se cambie de fecha al mes de mayo, como solicitan los graderos, pues es una \u00e9poca con demasiado calor.<\/p>\n","protected":false},"excerpt":{"rendered":"<p>Alejandro \u00c1vila Veracruz, Ver.- La presidenta de CANIRAC, Abigail Guzm\u00e1n, reconoci\u00f3 que por las lluvias que se presentaron durante los \u00faltimos 3 d\u00edas de desfiles en el Carnaval no se cumpli\u00f3 con la derrama econ\u00f3mica esperada durante la fiesta. A pesar de ello, dijo que se lleg\u00f3 a un aumento del 30 por ciento en [&hellip;]<\/p>\n","protected":false},"author":2476,"featured_media":56288,"comment_status":"open","ping_status":"open","sticky":false,"template":"","format":"standard","meta":{"_jetpack_memberships_contains_paid_content":false,"footnotes":""},"categories":[2],"tags":[],"class_list":["post-56287","post","type-post","status-publish","format-standard","has-post-thumbnail","hentry","category-estado"],"jetpack_featured_media_url":"https:\/\/encuentroinformativo.com.mx\/wp-content\/uploads\/2024\/07\/IMG-20240704-WA00542.jpg","jetpack_sharing_enabled":true,"jetpack_likes_enabled":true,"amp_enabled":true,"_links":{"self":[{"href":"https:\/\/encuentroinformativo.com.mx\/index.php?rest_route=\/wp\/v2\/posts\/56287","targetHints":{"allow":["GET"]}}],"collection":[{"href":"https:\/\/encuentroinformativo.com.mx\/index.php?rest_route=\/wp\/v2\/posts"}],"about":[{"href":"https:\/\/encuentroinformativo.com.mx\/index.php?rest_route=\/wp\/v2\/types\/post"}],"author":[{"embeddable":true,"href":"https:\/\/encuentroinformativo.com.mx\/index.php?rest_route=\/wp\/v2\/users\/2476"}],"replies":[{"embeddable":true,"href":"https:\/\/encuentroinformativo.com.mx\/index.php?rest_route=%2Fwp%2Fv2%2Fcomments&post=56287"}],"version-history":[{"count":1,"href":"https:\/\/encuentroinformativo.com.mx\/index.php?rest_route=\/wp\/v2\/posts\/56287\/revisions"}],"predecessor-version":[{"id":56289,"href":"https:\/\/encuentroinformativo.com.mx\/index.php?rest_route=\/wp\/v2\/posts\/56287\/revisions\/56289"}],"wp:featuredmedia":[{"embeddable":true,"href":"https:\/\/encuentroinformativo.com.mx\/index.php?rest_route=\/wp\/v2\/media\/56288"}],"wp:attachment":[{"href":"https:\/\/encuentroinformativo.com.mx\/index.php?rest_route=%2Fwp%2Fv2%2Fmedia&parent=56287"}],"wp:term":[{"taxonomy":"category","embeddable":true,"href":"https:\/\/encuentroinformativo.com.mx\/index.php?rest_route=%2Fwp%2Fv2%2Fcategories&post=56287"},{"taxonomy":"post_tag","embeddable":true,"href":"https:\/\/encuentroinformativo.com.mx\/index.php?rest_route=%2Fwp%2Fv2%2Ftags&post=56287"}],"curies":[{"name":"wp","href":"https:\/\/api.w.org\/{rel}","templated":true}]}}