{"id":56311,"date":"2024-07-05T10:56:45","date_gmt":"2024-07-05T16:56:45","guid":{"rendered":"https:\/\/encuentroinformativo.com.mx\/?p=56311"},"modified":"2024-07-05T10:56:52","modified_gmt":"2024-07-05T16:56:52","slug":"reclaman-reinstalacion-de-director-en-la-maria-de-rivera","status":"publish","type":"post","link":"https:\/\/encuentroinformativo.com.mx\/?p=56311","title":{"rendered":"Reclaman reinstalaci\u00f3n de director en la &#8220;Mar\u00eda de Rivera&#8221;"},"content":{"rendered":"\n<p><strong>Juan Arcos <\/strong><\/p>\n\n\n\n<p>Xalapa, Ver.- Personal docente y administrativo protest\u00f3 y tom\u00f3 las instalaciones de la escuela de bachilleres \u201cAntonio Mar\u00eda de Rivera\u201d de esta ciudad de Xalapa, para exigir la reinstalaci\u00f3n del director Jos\u00e9 Antonio Higareda, quien fue cesado injustamente en febrero pasado.<\/p>\n\n\n\n<p>Los trabajadores impidieron el acceso al plantel la ma\u00f1ana de este viernes y colocaron lonas y pancartas sobre la fachada del edificio, ubicado sobre el circuito universitario Gonzalo Aguirre Beltr\u00e1n.<\/p>\n\n\n\n<p>\u201cApoyamos al maestro Jos\u00e9 Antonio Higareda, pedimos claridad en su proceso y la reinstalaci\u00f3n inmediata\u201d y \u201catropello a los derechos laborales por parte de la SEV\u201d, se le\u00eda en algunos de sus mensajes.<\/p>\n\n\n\n<p>De acuerdo con la docente Blanca Cadena, no hay claridad en el cese del Director, pues presuntamente se le se\u00f1ala de no entregar documentaci\u00f3n durante la pandemia por coronavirus, pero adem\u00e1s se antepusieron cuestiones personales en la decisi\u00f3n de los autoridades educativas.<\/p>\n\n\n\n<p>\u201c\u00c9l fue cesado injustamente en febrero pasado. Estamos solicitando su reinstalaci\u00f3n a su plaza. Tiene 25 a\u00f1os de servicio. Aqu\u00ed fue sustituido, fue cesado por la direcci\u00f3n y aparte de su plaza. En su plaza lo removieron de manera injusta, de manera arbitraria, sin darle oportunidad que tuviera derecho de r\u00e9plica. \u00c9l fue se\u00f1alado, juzgado y sentenciado por las autoridades, que no son competencia de ello\u201d.<\/p>\n\n\n\n<p>La entrevistada defendi\u00f3 al docente Jos\u00e9 Antonio Higareda, quien brind\u00f3 25 a\u00f1os de servicio a la comunidad escolar, garantizando el desarrollo acad\u00e9mico de los alumnos.<\/p>\n\n\n\n<p>\u201cLo que pasa es que hubo situaciones administrativas y financieras de las cuales ya est\u00e1 todo solventado, totalmente entregado en tiempo y forma, de las cuales las autoridades ten\u00edan conocimiento. Entonces aqu\u00ed se mezcl\u00f3 un tema personal, \u00e9l tiene un tema personal y bueno, yo creo que ah\u00ed argumentaron. Ese fue un pretexto y pues bueno, en eso estamos\u201d.<\/p>\n\n\n\n<p>Tambi\u00e9n coment\u00f3 que se han dado casos de acoso sexual por parte de otros trabajadores del plantel, quienes no han sido sancionados y, al contrario, han sido premiados con un incremento en horas de trabajo y el cambio de su lugar de trabajo.<\/p>\n\n\n\n<p>\u201cCuando hubo personal, por ejemplo, hay maestros acosadores a los que solamente se les cambia de lugar y ellos siguen cobrando, les dan incluso hasta m\u00e1s horas, ellos siguen cobrando y pues bueno, aqu\u00ed es un tema injustificado\u201d, a\u00f1adi\u00f3 Blanca Cadena.<\/p>\n\n\n\n<p>A esta escuela lleg\u00f3 personal de la Direcci\u00f3n General de Bachillerato (DGB) para agendar una mesa de negociaciones con las manifestantes y dar seguimiento a sus demandas.<\/p>\n\n\n\n<figure class=\"wp-block-image size-large\"><img loading=\"lazy\" decoding=\"async\" width=\"1024\" height=\"768\" src=\"https:\/\/encuentroinformativo.com.mx\/wp-content\/uploads\/2024\/07\/1000335984-1024x768.jpg\" alt=\"\" class=\"wp-image-56313\" srcset=\"https:\/\/encuentroinformativo.com.mx\/wp-content\/uploads\/2024\/07\/1000335984-1024x768.jpg 1024w, https:\/\/encuentroinformativo.com.mx\/wp-content\/uploads\/2024\/07\/1000335984-300x225.jpg 300w, https:\/\/encuentroinformativo.com.mx\/wp-content\/uploads\/2024\/07\/1000335984-768x576.jpg 768w, https:\/\/encuentroinformativo.com.mx\/wp-content\/uploads\/2024\/07\/1000335984-1536x1152.jpg 1536w, https:\/\/encuentroinformativo.com.mx\/wp-content\/uploads\/2024\/07\/1000335984.jpg 2016w\" sizes=\"auto, (max-width: 1024px) 100vw, 1024px\" \/><\/figure>\n","protected":false},"excerpt":{"rendered":"<p>Juan Arcos Xalapa, Ver.- Personal docente y administrativo protest\u00f3 y tom\u00f3 las instalaciones de la escuela de bachilleres \u201cAntonio Mar\u00eda de Rivera\u201d de esta ciudad de Xalapa, para exigir la reinstalaci\u00f3n del director Jos\u00e9 Antonio Higareda, quien fue cesado injustamente en febrero pasado. Los trabajadores impidieron el acceso al plantel la ma\u00f1ana de este viernes [&hellip;]<\/p>\n","protected":false},"author":2476,"featured_media":56312,"comment_status":"open","ping_status":"open","sticky":false,"template":"","format":"standard","meta":{"_jetpack_memberships_contains_paid_content":false,"footnotes":""},"categories":[3],"tags":[],"class_list":["post-56311","post","type-post","status-publish","format-standard","has-post-thumbnail","hentry","category-xalapa"],"jetpack_featured_media_url":"https:\/\/encuentroinformativo.com.mx\/wp-content\/uploads\/2024\/07\/IMG_0577.jpg","jetpack_sharing_enabled":true,"jetpack_likes_enabled":true,"amp_enabled":true,"_links":{"self":[{"href":"https:\/\/encuentroinformativo.com.mx\/index.php?rest_route=\/wp\/v2\/posts\/56311","targetHints":{"allow":["GET"]}}],"collection":[{"href":"https:\/\/encuentroinformativo.com.mx\/index.php?rest_route=\/wp\/v2\/posts"}],"about":[{"href":"https:\/\/encuentroinformativo.com.mx\/index.php?rest_route=\/wp\/v2\/types\/post"}],"author":[{"embeddable":true,"href":"https:\/\/encuentroinformativo.com.mx\/index.php?rest_route=\/wp\/v2\/users\/2476"}],"replies":[{"embeddable":true,"href":"https:\/\/encuentroinformativo.com.mx\/index.php?rest_route=%2Fwp%2Fv2%2Fcomments&post=56311"}],"version-history":[{"count":1,"href":"https:\/\/encuentroinformativo.com.mx\/index.php?rest_route=\/wp\/v2\/posts\/56311\/revisions"}],"predecessor-version":[{"id":56314,"href":"https:\/\/encuentroinformativo.com.mx\/index.php?rest_route=\/wp\/v2\/posts\/56311\/revisions\/56314"}],"wp:featuredmedia":[{"embeddable":true,"href":"https:\/\/encuentroinformativo.com.mx\/index.php?rest_route=\/wp\/v2\/media\/56312"}],"wp:attachment":[{"href":"https:\/\/encuentroinformativo.com.mx\/index.php?rest_route=%2Fwp%2Fv2%2Fmedia&parent=56311"}],"wp:term":[{"taxonomy":"category","embeddable":true,"href":"https:\/\/encuentroinformativo.com.mx\/index.php?rest_route=%2Fwp%2Fv2%2Fcategories&post=56311"},{"taxonomy":"post_tag","embeddable":true,"href":"https:\/\/encuentroinformativo.com.mx\/index.php?rest_route=%2Fwp%2Fv2%2Ftags&post=56311"}],"curies":[{"name":"wp","href":"https:\/\/api.w.org\/{rel}","templated":true}]}}