{"id":56318,"date":"2024-07-05T13:30:05","date_gmt":"2024-07-05T19:30:05","guid":{"rendered":"https:\/\/encuentroinformativo.com.mx\/?p=56318"},"modified":"2024-07-05T13:30:13","modified_gmt":"2024-07-05T19:30:13","slug":"proxima-audiencia-de-chiquiyunes-sera-por-videoconferencia-abogado","status":"publish","type":"post","link":"https:\/\/encuentroinformativo.com.mx\/?p=56318","title":{"rendered":"Pr\u00f3xima audiencia de Chiquiyunes ser\u00e1 por videoconferencia: Abogado"},"content":{"rendered":"\n<p><strong>Dar\u00edo Pale <\/strong><\/p>\n\n\n\n<p>Xalapa, Ver.- Yunes M\u00e1rquez est\u00e1 grave, podr\u00eda entrar a cirug\u00eda, Juez defini\u00f3 nueva fecha para pr\u00f3xima audiencia que ser\u00e1 por videoconferencia, as\u00ed lo dio a conocer \u00a0el abogado del senador electo Miguel \u00c1ngel Yunes M\u00e1rquez, Jos\u00e9 Antonio Kuri.<\/p>\n\n\n\n<p>En entrevista defini\u00f3 que, durante la audiencia de este viernes se fij\u00f3 una nueva fecha para que se lleve a cabo la pr\u00f3xima audiencia, pero esta vez por videoconferencia, al concluir la tercera audiencia a la que no se present\u00f3 su representado, afirm\u00f3 que est\u00e1 grave, incluso podr\u00eda ingresar a cirug\u00eda.<br>Explic\u00f3 que se valor\u00f3 el problema &#8220;grave&#8221; en la espalda y, por lo tanto se est\u00e1 valorando llevar a cabo la audiencia por videoconferencia.<br>Dijo que Yunes M\u00e1rquez no est\u00e1 mintiendo, \u00e9l ingres\u00f3 al hospital espa\u00f1ol por su problema en la espalda y pidi\u00f3 una segunda opini\u00f3n a un especialista en rehabilitaci\u00f3n de la Ciudad de M\u00e9xico.<br>De esta manera la pr\u00f3xima audiencia ser\u00e1 el 11 de julio por videoconferencia, pero aclar\u00f3 que s\u00ed se dan las condiciones s\u00ed se podr\u00eda llevar a cabo.<br>&#8220;Miguel \u00c1ngel nunca se ha escondido, lo que pasa es que Miguel \u00c1ngel est\u00e1 convaleciente, est\u00e1 enfermo. Ha recibido tratamiento y en su momento, de acuerdo al derecho a la salud, siempre se ha justificado de esa manera&#8221;, se\u00f1al\u00f3.<br>&#8220;La Fiscal\u00eda hizo su investigaci\u00f3n, acudi\u00f3 a la Beneficencia Espa\u00f1ola y se acredit\u00f3 que todo es verdad, en ning\u00fan momento se le ha falseado a la autoridad en nada, en absoluto&#8221;, agreg\u00f3.<br>El representante legal de Yunes M\u00e1rquez agreg\u00f3 que su problema es el nervio central de la columna que no le permite permanecer sentado por mucho tiempo y de repente tiene un problema sensorial y de movimiento en las manos.<br>A\u00f1adi\u00f3 que se ha tratado con especialistas para ir mejorando poco a poco, por lo que se ha solicitado a la autoridad judicial que mejore para que se presente.<br>Jos\u00e9 Antonio Kuri resalt\u00f3 que ellos como defensa solicitaron al Juez de Control que se diera un plazo de 8 a 12 semanas para que se presentara, sin embargo, la respuesta fue que sera la pr\u00f3xima semana y ser\u00e1 por videoconferencia.<br>Aunque tambi\u00e9n van a validar con sus m\u00e9dicos si puede o no estar en dicha videoconferencia porque &#8220;tiene un problema grave&#8221;, incluso revel\u00f3 que es apto para entrar a cirug\u00eda.<br>Finalmente el Abogado asegur\u00f3 que en la audiencia los fiscales no objetaron absolutamente nada.<\/p>\n","protected":false},"excerpt":{"rendered":"<p>Dar\u00edo Pale Xalapa, Ver.- Yunes M\u00e1rquez est\u00e1 grave, podr\u00eda entrar a cirug\u00eda, Juez defini\u00f3 nueva fecha para pr\u00f3xima audiencia que ser\u00e1 por videoconferencia, as\u00ed lo dio a conocer \u00a0el abogado del senador electo Miguel \u00c1ngel Yunes M\u00e1rquez, Jos\u00e9 Antonio Kuri. En entrevista defini\u00f3 que, durante la audiencia de este viernes se fij\u00f3 una nueva fecha [&hellip;]<\/p>\n","protected":false},"author":2476,"featured_media":56319,"comment_status":"open","ping_status":"open","sticky":false,"template":"","format":"standard","meta":{"_jetpack_memberships_contains_paid_content":false,"footnotes":""},"categories":[2],"tags":[],"class_list":["post-56318","post","type-post","status-publish","format-standard","has-post-thumbnail","hentry","category-estado"],"jetpack_featured_media_url":"https:\/\/encuentroinformativo.com.mx\/wp-content\/uploads\/2024\/07\/IMG-20240705-WA0023.jpg","jetpack_sharing_enabled":true,"jetpack_likes_enabled":true,"amp_enabled":true,"_links":{"self":[{"href":"https:\/\/encuentroinformativo.com.mx\/index.php?rest_route=\/wp\/v2\/posts\/56318","targetHints":{"allow":["GET"]}}],"collection":[{"href":"https:\/\/encuentroinformativo.com.mx\/index.php?rest_route=\/wp\/v2\/posts"}],"about":[{"href":"https:\/\/encuentroinformativo.com.mx\/index.php?rest_route=\/wp\/v2\/types\/post"}],"author":[{"embeddable":true,"href":"https:\/\/encuentroinformativo.com.mx\/index.php?rest_route=\/wp\/v2\/users\/2476"}],"replies":[{"embeddable":true,"href":"https:\/\/encuentroinformativo.com.mx\/index.php?rest_route=%2Fwp%2Fv2%2Fcomments&post=56318"}],"version-history":[{"count":1,"href":"https:\/\/encuentroinformativo.com.mx\/index.php?rest_route=\/wp\/v2\/posts\/56318\/revisions"}],"predecessor-version":[{"id":56320,"href":"https:\/\/encuentroinformativo.com.mx\/index.php?rest_route=\/wp\/v2\/posts\/56318\/revisions\/56320"}],"wp:featuredmedia":[{"embeddable":true,"href":"https:\/\/encuentroinformativo.com.mx\/index.php?rest_route=\/wp\/v2\/media\/56319"}],"wp:attachment":[{"href":"https:\/\/encuentroinformativo.com.mx\/index.php?rest_route=%2Fwp%2Fv2%2Fmedia&parent=56318"}],"wp:term":[{"taxonomy":"category","embeddable":true,"href":"https:\/\/encuentroinformativo.com.mx\/index.php?rest_route=%2Fwp%2Fv2%2Fcategories&post=56318"},{"taxonomy":"post_tag","embeddable":true,"href":"https:\/\/encuentroinformativo.com.mx\/index.php?rest_route=%2Fwp%2Fv2%2Ftags&post=56318"}],"curies":[{"name":"wp","href":"https:\/\/api.w.org\/{rel}","templated":true}]}}