{"id":56324,"date":"2024-07-05T14:19:37","date_gmt":"2024-07-05T20:19:37","guid":{"rendered":"https:\/\/encuentroinformativo.com.mx\/?p=56324"},"modified":"2024-07-05T14:19:44","modified_gmt":"2024-07-05T20:19:44","slug":"preven-sanciones-contra-docentes-que-tomaron-escuela-antonio-maria-de-rivera","status":"publish","type":"post","link":"https:\/\/encuentroinformativo.com.mx\/?p=56324","title":{"rendered":"Prev\u00e9n sanciones contra docentes que tomaron escuela \u201cAntonio Mar\u00eda de Rivera\u201d"},"content":{"rendered":"\n<p><strong>Juan Arcos<\/strong><\/p>\n\n\n\n<p>Xalapa, Ver.- Los trabajadores que protestaron y tomaron la escuela de bachilleres \u201cAntonio Mar\u00eda de Rivera\u201d podr\u00edan ser sancionados por afectar a m\u00e1s de 900 alumnos al dejarlos sin clases este viernes 5 de julio.<\/p>\n\n\n\n<p>As\u00ed lo dio a conocer el secretario general del Sindicato Magisterial Veracruzano (SMV), Ram\u00f3n Dom\u00ednguez Polo, quien a\u00f1adi\u00f3 que las sanciones podr\u00edan ser a trav\u00e9s de actas administrativas, debido a que la manifestaci\u00f3n carece de representatividad legal.<\/p>\n\n\n\n<p>Los docentes que exigen la reinstalaci\u00f3n de Jos\u00e9 Antonio Higareda Urdapilleta como director, impidieron el ingreso a los estudiantes la ma\u00f1ana de este viernes.<\/p>\n\n\n\n<p>\u201cA los maestros se les puede llamar la atenci\u00f3n porque no hay una representatividad legal que diga que se hace responsable como sindicato de defender y justificar a los socios\u201d.<\/p>\n\n\n\n<p>El l\u00edder sindical enfatiz\u00f3 que el director cesado no permiti\u00f3 que la organizaci\u00f3n sindical llevara su caso.<\/p>\n\n\n\n<p>\u201cLa toma no va a resultar porque hay una sanci\u00f3n. Se tiene que hablar con las autoridades educativas. La sanci\u00f3n que le dieron fue el cese como director y ya no supe por qu\u00e9, ya que acudi\u00f3 con su abogado, no permiti\u00f3 que el sindicato llevara su caso\u201d.<\/p>\n\n\n\n<p>Dom\u00ednguez Polo reiter\u00f3 que el paro de labores es sin siglas sindicales y los docentes y administrativos podr\u00edan ser acreedores a una sanci\u00f3n por abandonar sus espacios laborales.<\/p>\n\n\n\n<p>Algunas madres y padres de familia comentaron que no hay transparencia en el ejercicio de los recursos econ\u00f3micos que son recaudados a trav\u00e9s de las cuotas de inscripci\u00f3n al inicio de cada semestre.<\/p>\n\n\n\n<p>La \u00faltima vez, algunos pap\u00e1s de la escuela de bachilleres \u201cAntonio Mar\u00eda de Rivera\u201d pagaron 525 pesos por concepto de libros y 890 pesos de inscripci\u00f3n.<\/p>\n","protected":false},"excerpt":{"rendered":"<p>Juan Arcos Xalapa, Ver.- Los trabajadores que protestaron y tomaron la escuela de bachilleres \u201cAntonio Mar\u00eda de Rivera\u201d podr\u00edan ser sancionados por afectar a m\u00e1s de 900 alumnos al dejarlos sin clases este viernes 5 de julio. As\u00ed lo dio a conocer el secretario general del Sindicato Magisterial Veracruzano (SMV), Ram\u00f3n Dom\u00ednguez Polo, quien a\u00f1adi\u00f3 [&hellip;]<\/p>\n","protected":false},"author":2476,"featured_media":56325,"comment_status":"open","ping_status":"open","sticky":false,"template":"","format":"standard","meta":{"_jetpack_memberships_contains_paid_content":false,"footnotes":""},"categories":[3],"tags":[],"class_list":["post-56324","post","type-post","status-publish","format-standard","has-post-thumbnail","hentry","category-xalapa"],"jetpack_featured_media_url":"https:\/\/encuentroinformativo.com.mx\/wp-content\/uploads\/2024\/07\/cc8fd70c-001c-4bb0-847e-8f7a58722662.jpg","jetpack_sharing_enabled":true,"jetpack_likes_enabled":true,"amp_enabled":true,"_links":{"self":[{"href":"https:\/\/encuentroinformativo.com.mx\/index.php?rest_route=\/wp\/v2\/posts\/56324","targetHints":{"allow":["GET"]}}],"collection":[{"href":"https:\/\/encuentroinformativo.com.mx\/index.php?rest_route=\/wp\/v2\/posts"}],"about":[{"href":"https:\/\/encuentroinformativo.com.mx\/index.php?rest_route=\/wp\/v2\/types\/post"}],"author":[{"embeddable":true,"href":"https:\/\/encuentroinformativo.com.mx\/index.php?rest_route=\/wp\/v2\/users\/2476"}],"replies":[{"embeddable":true,"href":"https:\/\/encuentroinformativo.com.mx\/index.php?rest_route=%2Fwp%2Fv2%2Fcomments&post=56324"}],"version-history":[{"count":1,"href":"https:\/\/encuentroinformativo.com.mx\/index.php?rest_route=\/wp\/v2\/posts\/56324\/revisions"}],"predecessor-version":[{"id":56326,"href":"https:\/\/encuentroinformativo.com.mx\/index.php?rest_route=\/wp\/v2\/posts\/56324\/revisions\/56326"}],"wp:featuredmedia":[{"embeddable":true,"href":"https:\/\/encuentroinformativo.com.mx\/index.php?rest_route=\/wp\/v2\/media\/56325"}],"wp:attachment":[{"href":"https:\/\/encuentroinformativo.com.mx\/index.php?rest_route=%2Fwp%2Fv2%2Fmedia&parent=56324"}],"wp:term":[{"taxonomy":"category","embeddable":true,"href":"https:\/\/encuentroinformativo.com.mx\/index.php?rest_route=%2Fwp%2Fv2%2Fcategories&post=56324"},{"taxonomy":"post_tag","embeddable":true,"href":"https:\/\/encuentroinformativo.com.mx\/index.php?rest_route=%2Fwp%2Fv2%2Ftags&post=56324"}],"curies":[{"name":"wp","href":"https:\/\/api.w.org\/{rel}","templated":true}]}}