{"id":56330,"date":"2024-07-05T15:09:55","date_gmt":"2024-07-05T21:09:55","guid":{"rendered":"https:\/\/encuentroinformativo.com.mx\/?p=56330"},"modified":"2024-07-05T15:10:03","modified_gmt":"2024-07-05T21:10:03","slug":"lluvias-si-afectaron-ocupacion-hotelera-en-carnaval-cometur","status":"publish","type":"post","link":"https:\/\/encuentroinformativo.com.mx\/?p=56330","title":{"rendered":"Lluvias s\u00ed afectaron ocupaci\u00f3n hotelera en Carnaval: Cometur"},"content":{"rendered":"\n<p><strong>Alejandro \u00c1vila<\/strong><\/p>\n\n\n\n<p>Veracruz, Ver.- Las lluvias s\u00ed afectaron la ocupaci\u00f3n hotelera durante el Carnaval de Veracruz, pues la medici\u00f3n de un buen festejo carnestolendo incrementa si los turistas se quedan en d\u00eda domingo, mencion\u00f3 el presidente del Consejo Metropolitano de Turismo, Sergio Lois Heredia.<\/p>\n\n\n\n<p>Si bien durante viernes y s\u00e1bado se lleg\u00f3 a la ocupaci\u00f3n hotelera estimada de 75 por ciento de reservas que estim\u00f3 el sector hotelero, esta cifra pudo haber incrementado si no hubiera habido fuertes lluvias durante domingo y lunes.<\/p>\n\n\n\n<p>&#8221; Si no nos acompa\u00f1aba el buen clima el domingo pues no se iba a poder tener una buena ocupaci\u00f3n, en este caso pues no nos acompa\u00f1\u00f3 el clima, nadie puede controlar el clima eso se sabe, pero pues al no acompa\u00f1arnos el clima no tuvimos una buena ocupaci\u00f3n. Generalmente el domingo de Carnaval muchas personas deciden de \u00faltimo momento aumentar su estancia, extenderse una noche m\u00e1s, y por lo regular lo decimos, nosotros tur\u00edsticamente hablando calificamos que tan bien o que tan mal nos fue en Carnaval con base a las ocupaciones del domingo&#8221;, expres\u00f3.<\/p>\n\n\n\n<p>En esta ocasi\u00f3n, mencion\u00f3 el empresario hotelero que, a pesar de que hubo una buena cartelera de artistas para los eventos masivos y se estimaba mucha gente se quedar\u00eda a pernoctar incluso hasta el d\u00eda lunes, las inclemencias del tiempo no permitieron aumentar las cifras de ocupaci\u00f3n hotelera.<\/p>\n\n\n\n<p>&#8220;Al final la Asociaci\u00f3n de Hoteles nos inform\u00f3 que lo que fue el fin de semana cerramos con un 75 por ciento de ocupaci\u00f3n promedio, es un promedio igual que se tiene en un buen fin de semana o fin de semana largo Pero no en un Carnaval, entonces al final s\u00ed afect\u00f3 la lluvia&#8221;, asest\u00f3.<\/p>\n","protected":false},"excerpt":{"rendered":"<p>Alejandro \u00c1vila Veracruz, Ver.- Las lluvias s\u00ed afectaron la ocupaci\u00f3n hotelera durante el Carnaval de Veracruz, pues la medici\u00f3n de un buen festejo carnestolendo incrementa si los turistas se quedan en d\u00eda domingo, mencion\u00f3 el presidente del Consejo Metropolitano de Turismo, Sergio Lois Heredia. Si bien durante viernes y s\u00e1bado se lleg\u00f3 a la ocupaci\u00f3n [&hellip;]<\/p>\n","protected":false},"author":2476,"featured_media":56331,"comment_status":"open","ping_status":"open","sticky":false,"template":"","format":"standard","meta":{"_jetpack_memberships_contains_paid_content":false,"footnotes":""},"categories":[2],"tags":[],"class_list":["post-56330","post","type-post","status-publish","format-standard","has-post-thumbnail","hentry","category-estado"],"jetpack_featured_media_url":"https:\/\/encuentroinformativo.com.mx\/wp-content\/uploads\/2024\/07\/IMG-20240705-WA00641.jpg","jetpack_sharing_enabled":true,"jetpack_likes_enabled":true,"amp_enabled":true,"_links":{"self":[{"href":"https:\/\/encuentroinformativo.com.mx\/index.php?rest_route=\/wp\/v2\/posts\/56330","targetHints":{"allow":["GET"]}}],"collection":[{"href":"https:\/\/encuentroinformativo.com.mx\/index.php?rest_route=\/wp\/v2\/posts"}],"about":[{"href":"https:\/\/encuentroinformativo.com.mx\/index.php?rest_route=\/wp\/v2\/types\/post"}],"author":[{"embeddable":true,"href":"https:\/\/encuentroinformativo.com.mx\/index.php?rest_route=\/wp\/v2\/users\/2476"}],"replies":[{"embeddable":true,"href":"https:\/\/encuentroinformativo.com.mx\/index.php?rest_route=%2Fwp%2Fv2%2Fcomments&post=56330"}],"version-history":[{"count":1,"href":"https:\/\/encuentroinformativo.com.mx\/index.php?rest_route=\/wp\/v2\/posts\/56330\/revisions"}],"predecessor-version":[{"id":56332,"href":"https:\/\/encuentroinformativo.com.mx\/index.php?rest_route=\/wp\/v2\/posts\/56330\/revisions\/56332"}],"wp:featuredmedia":[{"embeddable":true,"href":"https:\/\/encuentroinformativo.com.mx\/index.php?rest_route=\/wp\/v2\/media\/56331"}],"wp:attachment":[{"href":"https:\/\/encuentroinformativo.com.mx\/index.php?rest_route=%2Fwp%2Fv2%2Fmedia&parent=56330"}],"wp:term":[{"taxonomy":"category","embeddable":true,"href":"https:\/\/encuentroinformativo.com.mx\/index.php?rest_route=%2Fwp%2Fv2%2Fcategories&post=56330"},{"taxonomy":"post_tag","embeddable":true,"href":"https:\/\/encuentroinformativo.com.mx\/index.php?rest_route=%2Fwp%2Fv2%2Ftags&post=56330"}],"curies":[{"name":"wp","href":"https:\/\/api.w.org\/{rel}","templated":true}]}}