{"id":56333,"date":"2024-07-05T15:20:36","date_gmt":"2024-07-05T21:20:36","guid":{"rendered":"https:\/\/encuentroinformativo.com.mx\/?p=56333"},"modified":"2024-07-05T15:20:42","modified_gmt":"2024-07-05T21:20:42","slug":"zonas-citricolas-de-las-mas-afectadas-por-sequia-senala-sedarpa","status":"publish","type":"post","link":"https:\/\/encuentroinformativo.com.mx\/?p=56333","title":{"rendered":"Zonas citr\u00edcolas de las m\u00e1s afectadas por sequ\u00eda, se\u00f1ala SEDARPA"},"content":{"rendered":"\n<p><strong>Dar\u00edo Pale <\/strong><\/p>\n\n\n\n<p>Xalapa, Ver.- El titular de la Secretar\u00eda de Desarrollo Agropecuario, Rural y Pesca (SEDARPA), Evaristo Ovando Ram\u00edrez, dio a conocer que el norte de Veracruz de los m\u00e1s afectados por sequ\u00eda; principalmente las zonas citr\u00edcolas son las m\u00e1s afectadas.<\/p>\n\n\n\n<p>Entrevistado previo a la inauguraci\u00f3n del Segundo Festival &#8220;Cafe Veracruz&#8221; coment\u00f3 que, los municipios del norte de Veracruz como Guti\u00e9rrez Zamora, Tihuatl\u00e1n, Papantla, Mart\u00ednez de la Torre, es donde se tienen los reportes preliminares de mayores afectaciones por la sequ\u00eda hacia los sembrad\u00edos citr\u00edcolas.<\/p>\n\n\n\n<p>Tambi\u00e9n coment\u00f3 que a\u00fan no se cuenta con el censo total de los da\u00f1os, pero adelant\u00f3 que para este 2024 se cuenta con un total de 30 millones de pesos de presupuesto para la protecci\u00f3n de 156 mil hect\u00e1reas de cafetales, c\u00edtricos, pl\u00e1tanos y el ma\u00edz que tendr\u00eda que pagar la aseguradora en caso de la comprobaci\u00f3n de afectaciones.<\/p>\n\n\n\n<p>Actualmente se hacen las revisiones en los municipios de la entidad para conocer la cantidad de da\u00f1os y qu\u00e9 tipo de cultivos fueron los que sufrieron los estragos por las altas temperaturas.<\/p>\n\n\n\n<p>Finalmente coment\u00f3 que, &#8220;tenemos el reporte de da\u00f1os en algunas zonas citr\u00edcolas, que tambi\u00e9n estamos estimando y espero que en 15 d\u00edas o un mes poder intervenir con la aseguradora y revisar porque realmente en p\u00e9rdidas de \u00e1rboles es muy complicado tenerlo\u201d.\u00a0<\/p>\n","protected":false},"excerpt":{"rendered":"<p>Dar\u00edo Pale Xalapa, Ver.- El titular de la Secretar\u00eda de Desarrollo Agropecuario, Rural y Pesca (SEDARPA), Evaristo Ovando Ram\u00edrez, dio a conocer que el norte de Veracruz de los m\u00e1s afectados por sequ\u00eda; principalmente las zonas citr\u00edcolas son las m\u00e1s afectadas. Entrevistado previo a la inauguraci\u00f3n del Segundo Festival &#8220;Cafe Veracruz&#8221; coment\u00f3 que, los municipios [&hellip;]<\/p>\n","protected":false},"author":2476,"featured_media":56334,"comment_status":"open","ping_status":"open","sticky":false,"template":"","format":"standard","meta":{"_jetpack_memberships_contains_paid_content":false,"footnotes":""},"categories":[2],"tags":[],"class_list":["post-56333","post","type-post","status-publish","format-standard","has-post-thumbnail","hentry","category-estado"],"jetpack_featured_media_url":"https:\/\/encuentroinformativo.com.mx\/wp-content\/uploads\/2024\/07\/IMG-20240705-WA0067.jpg","jetpack_sharing_enabled":true,"jetpack_likes_enabled":true,"amp_enabled":true,"_links":{"self":[{"href":"https:\/\/encuentroinformativo.com.mx\/index.php?rest_route=\/wp\/v2\/posts\/56333","targetHints":{"allow":["GET"]}}],"collection":[{"href":"https:\/\/encuentroinformativo.com.mx\/index.php?rest_route=\/wp\/v2\/posts"}],"about":[{"href":"https:\/\/encuentroinformativo.com.mx\/index.php?rest_route=\/wp\/v2\/types\/post"}],"author":[{"embeddable":true,"href":"https:\/\/encuentroinformativo.com.mx\/index.php?rest_route=\/wp\/v2\/users\/2476"}],"replies":[{"embeddable":true,"href":"https:\/\/encuentroinformativo.com.mx\/index.php?rest_route=%2Fwp%2Fv2%2Fcomments&post=56333"}],"version-history":[{"count":1,"href":"https:\/\/encuentroinformativo.com.mx\/index.php?rest_route=\/wp\/v2\/posts\/56333\/revisions"}],"predecessor-version":[{"id":56335,"href":"https:\/\/encuentroinformativo.com.mx\/index.php?rest_route=\/wp\/v2\/posts\/56333\/revisions\/56335"}],"wp:featuredmedia":[{"embeddable":true,"href":"https:\/\/encuentroinformativo.com.mx\/index.php?rest_route=\/wp\/v2\/media\/56334"}],"wp:attachment":[{"href":"https:\/\/encuentroinformativo.com.mx\/index.php?rest_route=%2Fwp%2Fv2%2Fmedia&parent=56333"}],"wp:term":[{"taxonomy":"category","embeddable":true,"href":"https:\/\/encuentroinformativo.com.mx\/index.php?rest_route=%2Fwp%2Fv2%2Fcategories&post=56333"},{"taxonomy":"post_tag","embeddable":true,"href":"https:\/\/encuentroinformativo.com.mx\/index.php?rest_route=%2Fwp%2Fv2%2Ftags&post=56333"}],"curies":[{"name":"wp","href":"https:\/\/api.w.org\/{rel}","templated":true}]}}