{"id":56336,"date":"2024-07-05T17:14:14","date_gmt":"2024-07-05T23:14:14","guid":{"rendered":"https:\/\/encuentroinformativo.com.mx\/?p=56336"},"modified":"2024-07-05T17:14:20","modified_gmt":"2024-07-05T23:14:20","slug":"se-compromete-diputado-electo-con-constructores-veracruzanos","status":"publish","type":"post","link":"https:\/\/encuentroinformativo.com.mx\/?p=56336","title":{"rendered":"Se compromete diputado electo con constructores veracruzanos"},"content":{"rendered":"\n<p><strong>Alejandro \u00c1vila<\/strong><\/p>\n\n\n\n<p>Veracruz, Ver.- Que los constructores veracruzanos tengan prioridad en las obras que se realizar\u00e1n en la entidad durante el pr\u00f3ximo sexenio, es un compromiso que hizo el diputado local electo, Jos\u00e9 Francisco Ruiz Carmona, con los integrantes de la C\u00e1mara Mexicana de la Industria de la Construcci\u00f3n (CMIC).<\/p>\n\n\n\n<p>El legislador electo y los empresarios constructores se reunieron con la finalidad de \u201cacordar una agenda de trabajo conjunta en los temas legislativos que proporcionen certidumbre a las inversiones en infraestructura que requiere nuestra entidad\u201d, tal como lo describi\u00f3 el presidente de la C\u00e1mara, Jorge Alard\u00edn.<\/p>\n\n\n\n<p>En dicho encuentro, el legislador se comprometi\u00f3 a atender las inquietudes de los empresarios constructores y a convertirse en un enlace con el poder legislativo local y entablar una comunicaci\u00f3n efectiva entre ambos organismos.<\/p>\n\n\n\n<p>En la reuni\u00f3n estuvieron presentes el presidente de la CMIC Veracruz Puerto, Jorge Aldar\u00edn, as\u00ed como diversos socios de la misma como Jos\u00e9 Maria Levet, Juan Antonio Pinilla, Jos\u00e9 Maria Car\u00fas, Sergio Ram\u00edrez, Rodolfo Alc\u00e1ntara y Roberto Andarza.<\/p>\n","protected":false},"excerpt":{"rendered":"<p>Alejandro \u00c1vila Veracruz, Ver.- Que los constructores veracruzanos tengan prioridad en las obras que se realizar\u00e1n en la entidad durante el pr\u00f3ximo sexenio, es un compromiso que hizo el diputado local electo, Jos\u00e9 Francisco Ruiz Carmona, con los integrantes de la C\u00e1mara Mexicana de la Industria de la Construcci\u00f3n (CMIC). El legislador electo y los [&hellip;]<\/p>\n","protected":false},"author":2476,"featured_media":56337,"comment_status":"open","ping_status":"open","sticky":false,"template":"","format":"standard","meta":{"_jetpack_memberships_contains_paid_content":false,"footnotes":""},"categories":[2],"tags":[],"class_list":["post-56336","post","type-post","status-publish","format-standard","has-post-thumbnail","hentry","category-estado"],"jetpack_featured_media_url":"https:\/\/encuentroinformativo.com.mx\/wp-content\/uploads\/2024\/07\/IMG-20240705-WA0084.jpg","jetpack_sharing_enabled":true,"jetpack_likes_enabled":true,"amp_enabled":true,"_links":{"self":[{"href":"https:\/\/encuentroinformativo.com.mx\/index.php?rest_route=\/wp\/v2\/posts\/56336","targetHints":{"allow":["GET"]}}],"collection":[{"href":"https:\/\/encuentroinformativo.com.mx\/index.php?rest_route=\/wp\/v2\/posts"}],"about":[{"href":"https:\/\/encuentroinformativo.com.mx\/index.php?rest_route=\/wp\/v2\/types\/post"}],"author":[{"embeddable":true,"href":"https:\/\/encuentroinformativo.com.mx\/index.php?rest_route=\/wp\/v2\/users\/2476"}],"replies":[{"embeddable":true,"href":"https:\/\/encuentroinformativo.com.mx\/index.php?rest_route=%2Fwp%2Fv2%2Fcomments&post=56336"}],"version-history":[{"count":1,"href":"https:\/\/encuentroinformativo.com.mx\/index.php?rest_route=\/wp\/v2\/posts\/56336\/revisions"}],"predecessor-version":[{"id":56338,"href":"https:\/\/encuentroinformativo.com.mx\/index.php?rest_route=\/wp\/v2\/posts\/56336\/revisions\/56338"}],"wp:featuredmedia":[{"embeddable":true,"href":"https:\/\/encuentroinformativo.com.mx\/index.php?rest_route=\/wp\/v2\/media\/56337"}],"wp:attachment":[{"href":"https:\/\/encuentroinformativo.com.mx\/index.php?rest_route=%2Fwp%2Fv2%2Fmedia&parent=56336"}],"wp:term":[{"taxonomy":"category","embeddable":true,"href":"https:\/\/encuentroinformativo.com.mx\/index.php?rest_route=%2Fwp%2Fv2%2Fcategories&post=56336"},{"taxonomy":"post_tag","embeddable":true,"href":"https:\/\/encuentroinformativo.com.mx\/index.php?rest_route=%2Fwp%2Fv2%2Ftags&post=56336"}],"curies":[{"name":"wp","href":"https:\/\/api.w.org\/{rel}","templated":true}]}}