{"id":56339,"date":"2024-07-05T17:20:07","date_gmt":"2024-07-05T23:20:07","guid":{"rendered":"https:\/\/encuentroinformativo.com.mx\/?p=56339"},"modified":"2024-07-05T17:20:14","modified_gmt":"2024-07-05T23:20:14","slug":"con-carrera-celebraran-80-aniversario-de-la-uv","status":"publish","type":"post","link":"https:\/\/encuentroinformativo.com.mx\/?p=56339","title":{"rendered":"Con carrera celebrar\u00e1n 80 aniversario de la UV"},"content":{"rendered":"\n<p><strong>Alejandro \u00c1vila<\/strong><\/p>\n\n\n\n<p>Veracruz, Ver.- Este viernes 5 de julio fue anunciada la carrera pedestre de 3, 5 y 10 kil\u00f3metros que se realizar\u00e1 en la zona conurbada Veracruz &#8211; Boca del R\u00edo, en el marco del 80 aniversario de la Universidad Veracruzana.<\/p>\n\n\n\n<p>La Carrera Universitaria 2024 denominada \u201cCorre, Trota o Camina\u201d, se desarrollar\u00e1 en la regi\u00f3n Veracruz-Boca del R\u00edo el pr\u00f3ximo domingo 25 de agosto a partir de las 6:30 de la ma\u00f1ana.<\/p>\n\n\n\n<p>La Carrera Universitaria se llevar\u00e1 a efecto en las cinco regiones de la Universidad Veracruzana, por lo que ser\u00e1 en la de Veracruz-Boca del R\u00edo cuando inicie esta competencia y el 8 de septiembre en el resto de las regiones.<\/p>\n\n\n\n<p>En esta Carrera Universitaria podr\u00e1n participar profesionales del atletismo, la comunidad universitaria y el p\u00fablico en general, de lo que se trata es de una convivencia en la que se fomenta el ejercicio f\u00edsico, como elemento clave para mejora de la salud de cada individuo.<\/p>\n\n\n\n<p>La empresa veracruzana Gran Retto se encargar\u00e1 de la operatividad de la carrera en cronometraje, playeras y medallas, \u00e9stas \u00faltimas conmemorativas a los festejos del 80 aniversario de la m\u00e1xima Casa de Estudios en la entidad veracruzana.<\/p>\n\n\n\n<p>\u201cCon esta carrera buscamos generar la identidad universitaria con todos los estudiantes, trabajadores, personal de confianza, administrativo, acad\u00e9mico, pero tambi\u00e9n, que sea un evento de encuentro para aquellos egresados de la UV, as\u00ed como los que se jubilaron y siguen siendo parte de la UV\u201d, indic\u00f3 el coordinador del evento, Mario Antonio Pe\u00f1a Meza.<\/p>\n\n\n\n<p>El director de Fomento Deportivo de Veracruz, Jos\u00e9 Salvatori Arjona, coment\u00f3 que se brindar\u00e1 todo el apoyo por parte de la alcaldesa Patricia Lobeira Rodr\u00edguez, \u201cser\u00e1 un evento exitoso y llenar\u00e1 de vida a los participantes. Agradecidos y felicitamos a la Universidad Veracruzana\u201d.<\/p>\n\n\n\n<p>Los bloques de arranque ser\u00e1n los de 10 kil\u00f3metros a las 6:30 horas, los de 5 kil\u00f3metros a las 6:35 horas y los de 3 kil\u00f3metros a las 6:40 horas. La salida ser\u00e1 en la calle Reyes Heroles entre Juan Pablo II y Mar del Norte en el Fraccionamiento Costa Verde y la meta en la pista de la Facultad de Educaci\u00f3n F\u00edsica de la Universidad Veracruzana.<\/p>\n\n\n\n<p>La entrega de kits se efectuar\u00e1 los d\u00edas viernes 23 de agosto de 9 a 17 horas, as\u00ed como el s\u00e1bado 24 de agosto de 9 a 14 horas en las instalaciones de la Facultad de Educaci\u00f3n F\u00edsica de la UV.<\/p>\n","protected":false},"excerpt":{"rendered":"<p>Alejandro \u00c1vila Veracruz, Ver.- Este viernes 5 de julio fue anunciada la carrera pedestre de 3, 5 y 10 kil\u00f3metros que se realizar\u00e1 en la zona conurbada Veracruz &#8211; Boca del R\u00edo, en el marco del 80 aniversario de la Universidad Veracruzana. La Carrera Universitaria 2024 denominada \u201cCorre, Trota o Camina\u201d, se desarrollar\u00e1 en la [&hellip;]<\/p>\n","protected":false},"author":2476,"featured_media":56340,"comment_status":"open","ping_status":"open","sticky":false,"template":"","format":"standard","meta":{"_jetpack_memberships_contains_paid_content":false,"footnotes":""},"categories":[2],"tags":[],"class_list":["post-56339","post","type-post","status-publish","format-standard","has-post-thumbnail","hentry","category-estado"],"jetpack_featured_media_url":"https:\/\/encuentroinformativo.com.mx\/wp-content\/uploads\/2024\/07\/IMG-20240705-WA0086.jpg","jetpack_sharing_enabled":true,"jetpack_likes_enabled":true,"amp_enabled":true,"_links":{"self":[{"href":"https:\/\/encuentroinformativo.com.mx\/index.php?rest_route=\/wp\/v2\/posts\/56339","targetHints":{"allow":["GET"]}}],"collection":[{"href":"https:\/\/encuentroinformativo.com.mx\/index.php?rest_route=\/wp\/v2\/posts"}],"about":[{"href":"https:\/\/encuentroinformativo.com.mx\/index.php?rest_route=\/wp\/v2\/types\/post"}],"author":[{"embeddable":true,"href":"https:\/\/encuentroinformativo.com.mx\/index.php?rest_route=\/wp\/v2\/users\/2476"}],"replies":[{"embeddable":true,"href":"https:\/\/encuentroinformativo.com.mx\/index.php?rest_route=%2Fwp%2Fv2%2Fcomments&post=56339"}],"version-history":[{"count":1,"href":"https:\/\/encuentroinformativo.com.mx\/index.php?rest_route=\/wp\/v2\/posts\/56339\/revisions"}],"predecessor-version":[{"id":56341,"href":"https:\/\/encuentroinformativo.com.mx\/index.php?rest_route=\/wp\/v2\/posts\/56339\/revisions\/56341"}],"wp:featuredmedia":[{"embeddable":true,"href":"https:\/\/encuentroinformativo.com.mx\/index.php?rest_route=\/wp\/v2\/media\/56340"}],"wp:attachment":[{"href":"https:\/\/encuentroinformativo.com.mx\/index.php?rest_route=%2Fwp%2Fv2%2Fmedia&parent=56339"}],"wp:term":[{"taxonomy":"category","embeddable":true,"href":"https:\/\/encuentroinformativo.com.mx\/index.php?rest_route=%2Fwp%2Fv2%2Fcategories&post=56339"},{"taxonomy":"post_tag","embeddable":true,"href":"https:\/\/encuentroinformativo.com.mx\/index.php?rest_route=%2Fwp%2Fv2%2Ftags&post=56339"}],"curies":[{"name":"wp","href":"https:\/\/api.w.org\/{rel}","templated":true}]}}