{"id":56353,"date":"2024-07-06T12:26:14","date_gmt":"2024-07-06T18:26:14","guid":{"rendered":"https:\/\/encuentroinformativo.com.mx\/?p=56353"},"modified":"2024-07-06T12:26:19","modified_gmt":"2024-07-06T18:26:19","slug":"foros-publicos-exponen-reforma-judicial-es-necesaria-pero-la-de-morena-no-es-correcta-senador","status":"publish","type":"post","link":"https:\/\/encuentroinformativo.com.mx\/?p=56353","title":{"rendered":"Foros P\u00fablicos exponen Reforma Judicial es necesaria pero la de Morena no es correcta: Senador"},"content":{"rendered":"\n<p><strong>Alejandro \u00c1vila<\/strong><\/p>\n\n\n\n<p>Veracruz, Ver.- En diversos Foros P\u00fablicos donde se ha solicitado la presencia de especialistas, se ha confirmado que la Reforma al Poder Judicial es necesaria, sin embargo, la que ha presentado el presidente, Andr\u00e9s Manuel L\u00f3pez obrador, y que ha sido respaldada por el partido Morena no es la correcta, asegur\u00f3 el Senador, Julen Rementer\u00eda del Puerto.<\/p>\n\n\n\n<p>\u201cLa propuesta que se tiene en la mesa no es la correcta, lo han dicho all\u00ed hasta la saciedad muchas personas, y en todos los foros p\u00fablicos, no solamente en los organizados desde la C\u00e1mara de Diputados, en donde ha quedado con claridad expresada cu\u00e1les son las razones por las que esta reforma que se plantea no es la adecuada, no es con la que se va a conseguir m\u00e1s autonom\u00eda o la autonom\u00eda total, ni tampoco se va a acabar con la corrupci\u00f3n, ni tampoco vamos a eliminar de la impunidad. Est\u00e1 perfectamente dicho que eso no es la raz\u00f3n\u201d, indic\u00f3.<\/p>\n\n\n\n<p>Rementer\u00eda del Puerto a\u00f1adi\u00f3 que se ataca a quienes opinan diferente y se\u00f1alan que la propuesta de reforma no es la adecuada, al aclarar los diversos factores de los que carece la propuesta del Presidente.<\/p>\n\n\n\n<p>\u201cTratando de atacar a quienes creemos que esta no es la propuesta adecuada, que los que no consideramos o no le damos la capacidad al pueblo, claro que se le da la capacidad y lo reconocemos as\u00ed. Pero, adem\u00e1s, en estos d\u00edas que han transcurrido de la elecci\u00f3n para ac\u00e1, nos ha permitido darnos cuenta poco a poco, con peque\u00f1as se\u00f1ales, de lo que nos podr\u00eda esperar con una reforma si se llega a realizar de esta naturaleza, porque estamos viendo lo que ha pasado con un juzgador que, con raz\u00f3n o sin raz\u00f3n, os\u00f3 emitir una resoluci\u00f3n para generar una suspensi\u00f3n provisional respecto a un tema en el que ha sido omiso un poder, y dicha forma de actuar solo generar\u00e1 dudas sobre las decisiones y da\u00f1ar\u00e1 la funcionalidad de una instituci\u00f3n\u201d, concluy\u00f3.<\/p>\n","protected":false},"excerpt":{"rendered":"<p>Alejandro \u00c1vila Veracruz, Ver.- En diversos Foros P\u00fablicos donde se ha solicitado la presencia de especialistas, se ha confirmado que la Reforma al Poder Judicial es necesaria, sin embargo, la que ha presentado el presidente, Andr\u00e9s Manuel L\u00f3pez obrador, y que ha sido respaldada por el partido Morena no es la correcta, asegur\u00f3 el Senador, [&hellip;]<\/p>\n","protected":false},"author":2476,"featured_media":56354,"comment_status":"open","ping_status":"open","sticky":false,"template":"","format":"standard","meta":{"_jetpack_memberships_contains_paid_content":false,"footnotes":""},"categories":[12],"tags":[],"class_list":["post-56353","post","type-post","status-publish","format-standard","has-post-thumbnail","hentry","category-nacional"],"jetpack_featured_media_url":"https:\/\/encuentroinformativo.com.mx\/wp-content\/uploads\/2024\/07\/IMG-20240706-WA0016.jpg","jetpack_sharing_enabled":true,"jetpack_likes_enabled":true,"amp_enabled":true,"_links":{"self":[{"href":"https:\/\/encuentroinformativo.com.mx\/index.php?rest_route=\/wp\/v2\/posts\/56353","targetHints":{"allow":["GET"]}}],"collection":[{"href":"https:\/\/encuentroinformativo.com.mx\/index.php?rest_route=\/wp\/v2\/posts"}],"about":[{"href":"https:\/\/encuentroinformativo.com.mx\/index.php?rest_route=\/wp\/v2\/types\/post"}],"author":[{"embeddable":true,"href":"https:\/\/encuentroinformativo.com.mx\/index.php?rest_route=\/wp\/v2\/users\/2476"}],"replies":[{"embeddable":true,"href":"https:\/\/encuentroinformativo.com.mx\/index.php?rest_route=%2Fwp%2Fv2%2Fcomments&post=56353"}],"version-history":[{"count":1,"href":"https:\/\/encuentroinformativo.com.mx\/index.php?rest_route=\/wp\/v2\/posts\/56353\/revisions"}],"predecessor-version":[{"id":56355,"href":"https:\/\/encuentroinformativo.com.mx\/index.php?rest_route=\/wp\/v2\/posts\/56353\/revisions\/56355"}],"wp:featuredmedia":[{"embeddable":true,"href":"https:\/\/encuentroinformativo.com.mx\/index.php?rest_route=\/wp\/v2\/media\/56354"}],"wp:attachment":[{"href":"https:\/\/encuentroinformativo.com.mx\/index.php?rest_route=%2Fwp%2Fv2%2Fmedia&parent=56353"}],"wp:term":[{"taxonomy":"category","embeddable":true,"href":"https:\/\/encuentroinformativo.com.mx\/index.php?rest_route=%2Fwp%2Fv2%2Fcategories&post=56353"},{"taxonomy":"post_tag","embeddable":true,"href":"https:\/\/encuentroinformativo.com.mx\/index.php?rest_route=%2Fwp%2Fv2%2Ftags&post=56353"}],"curies":[{"name":"wp","href":"https:\/\/api.w.org\/{rel}","templated":true}]}}