{"id":56365,"date":"2024-07-06T13:11:02","date_gmt":"2024-07-06T19:11:02","guid":{"rendered":"https:\/\/encuentroinformativo.com.mx\/?p=56365"},"modified":"2024-07-06T13:11:08","modified_gmt":"2024-07-06T19:11:08","slug":"hay-cosas-padrisimas-y-hay-cosas-madrisimas-monica-mayer","status":"publish","type":"post","link":"https:\/\/encuentroinformativo.com.mx\/?p=56365","title":{"rendered":"HAY COSAS PADR\u00cdSIMAS Y HAY COSAS MADR\u00cdSIMAS: M\u00d3NICA MAYER"},"content":{"rendered":"\n<figure class=\"wp-block-image size-large\"><img loading=\"lazy\" decoding=\"async\" width=\"780\" height=\"1024\" src=\"https:\/\/encuentroinformativo.com.mx\/wp-content\/uploads\/2024\/07\/1000336745-780x1024.png\" alt=\"\" class=\"wp-image-56367\" srcset=\"https:\/\/encuentroinformativo.com.mx\/wp-content\/uploads\/2024\/07\/1000336745-780x1024.png 780w, https:\/\/encuentroinformativo.com.mx\/wp-content\/uploads\/2024\/07\/1000336745-228x300.png 228w, https:\/\/encuentroinformativo.com.mx\/wp-content\/uploads\/2024\/07\/1000336745-768x1009.png 768w, https:\/\/encuentroinformativo.com.mx\/wp-content\/uploads\/2024\/07\/1000336745.png 945w\" sizes=\"auto, (max-width: 780px) 100vw, 780px\" \/><\/figure>\n\n\n\n<p><strong>Sergio Armin V\u00e1squez Mu\u00f1oz<\/strong><\/p>\n\n\n\n<p>El feminismo no es siempre el sin\u00f3nimo de violencia y destrucci\u00f3n que cada ocho de marzo nos muestran los medios de comunicaci\u00f3n y las redes sociales. Hay un feminismo creativo, de vigencia permanente, que denuncia y levanta la voz a partir de propuestas est\u00e9ticas. \u00c9se es el feminismo que representa M\u00f3nica Mayer, artista pl\u00e1stica nacida en la Ciudad de M\u00e9xico, en 1954.<\/p>\n\n\n\n<p>M\u00f3nica Mayer estudi\u00f3 artes visuales en la Escuela Nacional de Artes Pl\u00e1sticas de la UNAM y cuenta con la maestr\u00eda en Sociolog\u00eda del Arte por la Goddard College, de los \u00c1ngeles, California, lugar donde tambi\u00e9n tuvo participaci\u00f3n dentro del Feminist Studio Workshop. Su obra, tanto su trabajo gr\u00e1fico, sus dibujos y sus performances, se han presentado, desde 1970, en espacios independientes y oficiales, a nivel nacional e internacional. Es considerada una pionera del performance y la gr\u00e1fica digital en M\u00e9xico. Igualmente es precursora del arte feminista en Am\u00e9rica Latina.&nbsp;<\/p>\n\n\n\n<p>En cuanto a referencias de su trayectoria, tenemos, por ejemplo, que en el a\u00f1o de 1983 fund\u00f3 con Maris Bustamante (tambi\u00e9n artista visual) el grupo de arte feminista \u201cPolvo de Gallina Negra\u201d, primero en su tipo en M\u00e9xico y cuya documentaci\u00f3n se ha presentado en distintos foros, incluyendo el Museo Reina Sof\u00eda, en Espa\u00f1a.<\/p>\n\n\n\n<p>M\u00e1s tarde, en 1989, fund\u00f3 con V\u00edctor Lerma (su esposo) el proyecto \u201cPinto mi Raya\u201d, basado en arte conceptual aplicado, en el que han desarrollado propuestas en torno al sistema art\u00edstico. Pinto mi Raya ha sido una galer\u00eda, una serie de televisi\u00f3n para el Canal 23, un programa de radio, una de las primeras revistas virtuales de arte contempor\u00e1neo mexicano, un libro, un blog, un proyecto de edici\u00f3n de gr\u00e1fica digital, una serie de performances, pero principalmente un proyecto de investigaci\u00f3n basado en su archivo hemerogr\u00e1fico especializado en arte contempor\u00e1neo mexicano, que a la fecha incluye m\u00e1s de 200 mil art\u00edculos.<\/p>\n\n\n\n<p>Otro de sus proyectos, acaso el m\u00e1s reciente como propuesta integral, es el denominado \u201cHija de su madre\u201d, una exposici\u00f3n que re\u00fane m\u00e1s de cien trabajos, algunos propios y otros de artistas con propuestas parecidas, organizada en tres ejes tem\u00e1ticos: PRIMEROS V\u00cdNCULOS, ROMPER EL MITO DE LA FAMILIA Y DE-GENERACIONES, que cuenta en su conjunto con material fotogr\u00e1fico, de archivo, documental, performance, entre otros recursos.<\/p>\n\n\n\n<p>En el caso de PRIMEROS V\u00cdNCULOS es una muestra que explora \u201clas reflexiones de Mayer sobre ser hija de su madre\u2026 y de su padre, hermana, madre y esposa, lazos frecuentemente atravesados por el afecto, la memoria, la violencia y la muerte, como el suicidio de su madre, Lilia\u201d.<\/p>\n\n\n\n<p>En lo que se refiere a la segunda parte, denominada ROMPER EL MITO DE LA FAMILIA, se \u201cagrupa la obra en la que Mayer cuestiona los mecanismos que construyen a la familia y c\u00f3mo \u00e9sta es atravesada por estructuras jer\u00e1rquicas y definida por las relaciones heteropatriarcales\u201d.<\/p>\n\n\n\n<p>La \u00faltima muestra, identificada como \u201cDE-GENERACIONES\u201d, \u201cconjunta los trabajos de la artista cuya tem\u00e1tica es el envejecimiento, la enfermedad, el duelo y la muerte en diferentes escenarios, como las pandemias, el suicidio o la vejez, estableciendo una conversaci\u00f3n sobre las genealog\u00edas, los ciclos de vida y muerte, as\u00ed como el relevo e intercambio generacional dentro de las familias\u201d.<\/p>\n\n\n\n<p>Y todo este conjunto de propuestas, inscritas en la muestra \u201cHija de su Madre\u201d de M\u00f3nica Mayer, est\u00e1n expuestas desde el jueves 4 de julio y lo estar\u00e1n hasta el domingo 6 de octubre de 2024, en las instalaciones de la Galer\u00eda de Arte Contempor\u00e1neo de Xalapa (Xalape\u00f1os Ilustres 135, Zona Centro), esperando a ser apreciadas o sufridas, admiradas o adjetivadas, o simplemente a ser detonantes de razonamientos desde el contexto de cada mirada que tenga oportunidad de apreciar este trabajo creativo.<\/p>\n\n\n\n<p>Por lo pronto, en lo personal, me quedo con las reflexiones que la propia artista comparti\u00f3 a quienes tuvimos oportunidad de saludarla en el acto de inauguraci\u00f3n de esta muestra: \u201cla vida y el arte son lo mismo\u201d y \u201clo personal es pol\u00edtico\u201d. Y si alguien lo duda, puede darse una vuelta por los pasillos de la exposici\u00f3n. Seguramente encontrar\u00e1 algunas otras reflexiones envueltas en papel.<\/p>\n\n\n\n<figure class=\"wp-block-image size-large\"><img loading=\"lazy\" decoding=\"async\" width=\"898\" height=\"678\" src=\"https:\/\/encuentroinformativo.com.mx\/wp-content\/uploads\/2024\/07\/1000336747.png\" alt=\"\" class=\"wp-image-56366\" srcset=\"https:\/\/encuentroinformativo.com.mx\/wp-content\/uploads\/2024\/07\/1000336747.png 898w, https:\/\/encuentroinformativo.com.mx\/wp-content\/uploads\/2024\/07\/1000336747-300x227.png 300w, https:\/\/encuentroinformativo.com.mx\/wp-content\/uploads\/2024\/07\/1000336747-768x580.png 768w\" sizes=\"auto, (max-width: 898px) 100vw, 898px\" \/><\/figure>\n","protected":false},"excerpt":{"rendered":"<p>Sergio Armin V\u00e1squez Mu\u00f1oz El feminismo no es siempre el sin\u00f3nimo de violencia y destrucci\u00f3n que cada ocho de marzo nos muestran los medios de comunicaci\u00f3n y las redes sociales. Hay un feminismo creativo, de vigencia permanente, que denuncia y levanta la voz a partir de propuestas est\u00e9ticas. \u00c9se es el feminismo que representa M\u00f3nica [&hellip;]<\/p>\n","protected":false},"author":2476,"featured_media":387,"comment_status":"open","ping_status":"open","sticky":false,"template":"","format":"standard","meta":{"_jetpack_memberships_contains_paid_content":false,"footnotes":""},"categories":[11],"tags":[],"class_list":["post-56365","post","type-post","status-publish","format-standard","has-post-thumbnail","hentry","category-opinion"],"jetpack_featured_media_url":"https:\/\/encuentroinformativo.com.mx\/wp-content\/uploads\/2020\/03\/7CF8A22B-2764-47BE-8F7F-38FE9E5D6A2F.jpeg","jetpack_sharing_enabled":true,"jetpack_likes_enabled":true,"amp_enabled":true,"_links":{"self":[{"href":"https:\/\/encuentroinformativo.com.mx\/index.php?rest_route=\/wp\/v2\/posts\/56365","targetHints":{"allow":["GET"]}}],"collection":[{"href":"https:\/\/encuentroinformativo.com.mx\/index.php?rest_route=\/wp\/v2\/posts"}],"about":[{"href":"https:\/\/encuentroinformativo.com.mx\/index.php?rest_route=\/wp\/v2\/types\/post"}],"author":[{"embeddable":true,"href":"https:\/\/encuentroinformativo.com.mx\/index.php?rest_route=\/wp\/v2\/users\/2476"}],"replies":[{"embeddable":true,"href":"https:\/\/encuentroinformativo.com.mx\/index.php?rest_route=%2Fwp%2Fv2%2Fcomments&post=56365"}],"version-history":[{"count":1,"href":"https:\/\/encuentroinformativo.com.mx\/index.php?rest_route=\/wp\/v2\/posts\/56365\/revisions"}],"predecessor-version":[{"id":56368,"href":"https:\/\/encuentroinformativo.com.mx\/index.php?rest_route=\/wp\/v2\/posts\/56365\/revisions\/56368"}],"wp:featuredmedia":[{"embeddable":true,"href":"https:\/\/encuentroinformativo.com.mx\/index.php?rest_route=\/wp\/v2\/media\/387"}],"wp:attachment":[{"href":"https:\/\/encuentroinformativo.com.mx\/index.php?rest_route=%2Fwp%2Fv2%2Fmedia&parent=56365"}],"wp:term":[{"taxonomy":"category","embeddable":true,"href":"https:\/\/encuentroinformativo.com.mx\/index.php?rest_route=%2Fwp%2Fv2%2Fcategories&post=56365"},{"taxonomy":"post_tag","embeddable":true,"href":"https:\/\/encuentroinformativo.com.mx\/index.php?rest_route=%2Fwp%2Fv2%2Ftags&post=56365"}],"curies":[{"name":"wp","href":"https:\/\/api.w.org\/{rel}","templated":true}]}}