{"id":56369,"date":"2024-07-06T16:23:24","date_gmt":"2024-07-06T22:23:24","guid":{"rendered":"https:\/\/encuentroinformativo.com.mx\/?p=56369"},"modified":"2024-07-06T16:23:30","modified_gmt":"2024-07-06T22:23:30","slug":"piden-abogados-tomar-en-cuenta-perfil-en-eleccion-de-jueces","status":"publish","type":"post","link":"https:\/\/encuentroinformativo.com.mx\/?p=56369","title":{"rendered":"Piden abogados tomar en cuenta perfil en elecci\u00f3n de jueces"},"content":{"rendered":"\n<p><strong>Dar\u00edo Pale <\/strong><\/p>\n\n\n\n<p>Xalapa, Ver.- El presidente del Colegio de Abogados Juristas del estado de Veracruz, Valent\u00edn Olmos Alfonso, dio a conocer que en la elecci\u00f3n de jueces que contempla la reforma al Poder Judicial se debe tomar en cuenta el perfil y trayectoria de los aspirantes.<\/p>\n\n\n\n<p>En entrevista, el abogado insisti\u00f3 en que los pr\u00f3ximos integrantes deben contar con carrera judicial, ya que de lo contraria podr\u00eda haber m\u00e1s amparos y retrasar m\u00e1s los asuntos judiciales.<\/p>\n\n\n\n<p>Reconoci\u00f3 que la propuesta de reforma acierta con la reducci\u00f3n de salarios a los 11 ministros de la Suprema Corte de Justicia de la Naci\u00f3n que actualmente son \u201cestratosf\u00e9ricos\u201d. \u00a0<\/p>\n\n\n\n<p>Finalmente se\u00f1al\u00f3 que no est\u00e1n de acuerdo de que el pueblo tenga el voto para poder elegir a un magistrado no puede ser posible, ya que se corre el riesgo de que no haya una certeza jur\u00eddica en la impartici\u00f3n de justicia, &#8220;de no existir esa certeza pues los asuntos imaginen como se van a resolver&#8221;.<\/p>\n","protected":false},"excerpt":{"rendered":"<p>Dar\u00edo Pale Xalapa, Ver.- El presidente del Colegio de Abogados Juristas del estado de Veracruz, Valent\u00edn Olmos Alfonso, dio a conocer que en la elecci\u00f3n de jueces que contempla la reforma al Poder Judicial se debe tomar en cuenta el perfil y trayectoria de los aspirantes. En entrevista, el abogado insisti\u00f3 en que los pr\u00f3ximos [&hellip;]<\/p>\n","protected":false},"author":2476,"featured_media":15719,"comment_status":"open","ping_status":"open","sticky":false,"template":"","format":"standard","meta":{"_jetpack_memberships_contains_paid_content":false,"footnotes":""},"categories":[2],"tags":[],"class_list":["post-56369","post","type-post","status-publish","format-standard","has-post-thumbnail","hentry","category-estado"],"jetpack_featured_media_url":"https:\/\/encuentroinformativo.com.mx\/wp-content\/uploads\/2021\/06\/6CA897A6-FF81-48DE-A523-AAA9FE682F01.jpeg","jetpack_sharing_enabled":true,"jetpack_likes_enabled":true,"amp_enabled":true,"_links":{"self":[{"href":"https:\/\/encuentroinformativo.com.mx\/index.php?rest_route=\/wp\/v2\/posts\/56369","targetHints":{"allow":["GET"]}}],"collection":[{"href":"https:\/\/encuentroinformativo.com.mx\/index.php?rest_route=\/wp\/v2\/posts"}],"about":[{"href":"https:\/\/encuentroinformativo.com.mx\/index.php?rest_route=\/wp\/v2\/types\/post"}],"author":[{"embeddable":true,"href":"https:\/\/encuentroinformativo.com.mx\/index.php?rest_route=\/wp\/v2\/users\/2476"}],"replies":[{"embeddable":true,"href":"https:\/\/encuentroinformativo.com.mx\/index.php?rest_route=%2Fwp%2Fv2%2Fcomments&post=56369"}],"version-history":[{"count":1,"href":"https:\/\/encuentroinformativo.com.mx\/index.php?rest_route=\/wp\/v2\/posts\/56369\/revisions"}],"predecessor-version":[{"id":56370,"href":"https:\/\/encuentroinformativo.com.mx\/index.php?rest_route=\/wp\/v2\/posts\/56369\/revisions\/56370"}],"wp:featuredmedia":[{"embeddable":true,"href":"https:\/\/encuentroinformativo.com.mx\/index.php?rest_route=\/wp\/v2\/media\/15719"}],"wp:attachment":[{"href":"https:\/\/encuentroinformativo.com.mx\/index.php?rest_route=%2Fwp%2Fv2%2Fmedia&parent=56369"}],"wp:term":[{"taxonomy":"category","embeddable":true,"href":"https:\/\/encuentroinformativo.com.mx\/index.php?rest_route=%2Fwp%2Fv2%2Fcategories&post=56369"},{"taxonomy":"post_tag","embeddable":true,"href":"https:\/\/encuentroinformativo.com.mx\/index.php?rest_route=%2Fwp%2Fv2%2Ftags&post=56369"}],"curies":[{"name":"wp","href":"https:\/\/api.w.org\/{rel}","templated":true}]}}