{"id":56381,"date":"2024-07-07T13:58:50","date_gmt":"2024-07-07T19:58:50","guid":{"rendered":"https:\/\/encuentroinformativo.com.mx\/?p=56381"},"modified":"2024-07-07T13:58:58","modified_gmt":"2024-07-07T19:58:58","slug":"donde-esta-lo-importante","status":"publish","type":"post","link":"https:\/\/encuentroinformativo.com.mx\/?p=56381","title":{"rendered":"\u00bfD\u00f3nde est\u00e1 lo importante?"},"content":{"rendered":"\n<p><strong>Columna de Opini\u00f3n <\/strong><\/p>\n\n\n\n<p><strong>Zaira Rosas<\/strong><\/p>\n\n\n\n<p>Vivimos una era donde reina la p\u00e9rdida y b\u00fasqueda de sentido seg\u00fan las creencias que predominen en nuestra vida, hay m\u00faltiples problem\u00e1ticas alrededor y algunos atisbos de esperanza. \u00a1Qu\u00e9 momento tan dif\u00edcil para ser l\u00edder y a la vez tan necesario! En medio de un mundo cambiante, globalizado y a la vez tan lleno de dudas, todas las personas necesitamos gu\u00eda, orientaci\u00f3n y certeza. Es aqu\u00ed donde a los gobernantes les toca definir el rumbo. \u00bfQu\u00e9 problem\u00e1ticas pesan m\u00e1s? \u00bfEn d\u00f3nde debe estar el foco de d para comenzar con un cambio que mejore el mundo?<\/p>\n\n\n\n<p>La pregunta es compleja ante una casa com\u00fan que pide a gritos atenci\u00f3n, donde las especies se van extinguiendo y aunque esto pareciera no afectar a la humanidad en menos de lo que imaginamos puede ocasionar nuestro propio fin. Hay una p\u00e9rdida de valores de acuerdo a generaciones anteriores y las nuevas recalcan prestar m\u00e1s atenci\u00f3n al entorno, desarrollar una empat\u00eda creciente que no se ten\u00eda antes. M\u00e9xico enfrenta una ola de violencia que parece atacar a quienes menos tienen o hacer una selecci\u00f3n por cuota de g\u00e9nero, donde las mujeres perdemos.<\/p>\n\n\n\n<p>\u00bfEs la violencia el \u00fanico problema o pesa m\u00e1s la pobreza de millones de mexicanos? \u00bfla pobreza se antepone a la corrupci\u00f3n? \u00bfEs esta \u00faltima tambi\u00e9n causante de la impunidad y los abusos de poder que terminan beneficiando a quien puede y no a quien verdaderamente necesita ayuda? Estas son algunas de las preguntas que enfrentan quienes ostentan un cargo y que incluso desde la sociedad deber\u00edamos realizar, la respuesta es compleja pues el mayor problema es que llevamos d\u00e9cadas percibiendo las problem\u00e1ticas como algo aislado, e incluso buscamos su soluci\u00f3n desde la individualidad y no en colectivo.<\/p>\n\n\n\n<p>En la actualidad nos hemos olvidado de vernos en comunidad, de pensar en conjunto y buscar un bien com\u00fan para la sociedad, no solo para nosotros. Hemos permitido que gane la indiferencia ante el dolor del pr\u00f3jimo, porque mientras las desapariciones de personas no toquen a un ser querido, las hemos normalizado por la cotidianidad con la que se presentan en M\u00e9xico. Ponemos la atenci\u00f3n en los posibles cambios de ley que resuenan en las primeras planas y dejamos de exigir que la mira se ponga en puntos a\u00fan m\u00e1s urgentes.<\/p>\n\n\n\n<p>Los gobiernos tanto de M\u00e9xico como del resto del mundo tienen una deuda hist\u00f3rica con el cuidado del medio ambiente, hemos hablado de la urgencia de la preservaci\u00f3n de \u00e1reas verdes, el respeto a flora y fauna, pero esto siempre se deja de lado bajo el pretexto del progreso. \u00bfEs realmente progreso si por nuestro actuar terminan desapareciendo ecosistemas completos? \u00bfEl avance econ\u00f3mico justifica el da\u00f1o a tantas especies?<\/p>\n\n\n\n<p>Mucho se\u00f1alamos las fallas de quien est\u00e1 al frente, pero, \u00bfqu\u00e9 tanto nos estamos comprometiendo como ciudadanos? Estamos ante una era de cambio, no s\u00f3lo por la transici\u00f3n que tendr\u00e1 nuestro gobierno y el pa\u00eds vecino, sino tambi\u00e9n por el cambio clim\u00e1tico, que ante la incapacidad de predecir con precisi\u00f3n nos obliga a replantear si tanto avance a costa de otras especies es verdaderamente un logro. Quiz\u00e1s nuestro presente nos enga\u00f1e haci\u00e9ndonos pensar que a\u00fan hay tiempo para descubrir c\u00f3mo reparar el da\u00f1o, pero es posible que la ficci\u00f3n que hemos visto en pel\u00edculas como \u201cEl d\u00eda despu\u00e9s del ma\u00f1ana\u201d pronto nos alcance.&nbsp;<\/p>\n\n\n\n<p>El dinero en una mejor distribuci\u00f3n es un tema urgente e importante, pero tambi\u00e9n lo es la vida, nuestro espacio y crear lazos donde veamos que todos somos responsables del punto al que hemos llegado. Si tu consumo ha contribuido a la explotaci\u00f3n del suelo, si los desechos que generamos son mayores que nuestras tareas de reparaci\u00f3n, ah\u00ed tenemos una deuda pendiente que pronto nos pasar\u00e1 factura y prueba de ello ya lo vimos recientemente en Nuevo Le\u00f3n, no esperemos a no saber c\u00f3mo actuar para comenzar a restaurar el rumbo.&nbsp;<\/p>\n","protected":false},"excerpt":{"rendered":"<p>Columna de Opini\u00f3n Zaira Rosas Vivimos una era donde reina la p\u00e9rdida y b\u00fasqueda de sentido seg\u00fan las creencias que predominen en nuestra vida, hay m\u00faltiples problem\u00e1ticas alrededor y algunos atisbos de esperanza. \u00a1Qu\u00e9 momento tan dif\u00edcil para ser l\u00edder y a la vez tan necesario! En medio de un mundo cambiante, globalizado y a [&hellip;]<\/p>\n","protected":false},"author":2476,"featured_media":387,"comment_status":"open","ping_status":"open","sticky":false,"template":"","format":"standard","meta":{"_jetpack_memberships_contains_paid_content":false,"footnotes":""},"categories":[11],"tags":[],"class_list":["post-56381","post","type-post","status-publish","format-standard","has-post-thumbnail","hentry","category-opinion"],"jetpack_featured_media_url":"https:\/\/encuentroinformativo.com.mx\/wp-content\/uploads\/2020\/03\/7CF8A22B-2764-47BE-8F7F-38FE9E5D6A2F.jpeg","jetpack_sharing_enabled":true,"jetpack_likes_enabled":true,"amp_enabled":true,"_links":{"self":[{"href":"https:\/\/encuentroinformativo.com.mx\/index.php?rest_route=\/wp\/v2\/posts\/56381","targetHints":{"allow":["GET"]}}],"collection":[{"href":"https:\/\/encuentroinformativo.com.mx\/index.php?rest_route=\/wp\/v2\/posts"}],"about":[{"href":"https:\/\/encuentroinformativo.com.mx\/index.php?rest_route=\/wp\/v2\/types\/post"}],"author":[{"embeddable":true,"href":"https:\/\/encuentroinformativo.com.mx\/index.php?rest_route=\/wp\/v2\/users\/2476"}],"replies":[{"embeddable":true,"href":"https:\/\/encuentroinformativo.com.mx\/index.php?rest_route=%2Fwp%2Fv2%2Fcomments&post=56381"}],"version-history":[{"count":1,"href":"https:\/\/encuentroinformativo.com.mx\/index.php?rest_route=\/wp\/v2\/posts\/56381\/revisions"}],"predecessor-version":[{"id":56382,"href":"https:\/\/encuentroinformativo.com.mx\/index.php?rest_route=\/wp\/v2\/posts\/56381\/revisions\/56382"}],"wp:featuredmedia":[{"embeddable":true,"href":"https:\/\/encuentroinformativo.com.mx\/index.php?rest_route=\/wp\/v2\/media\/387"}],"wp:attachment":[{"href":"https:\/\/encuentroinformativo.com.mx\/index.php?rest_route=%2Fwp%2Fv2%2Fmedia&parent=56381"}],"wp:term":[{"taxonomy":"category","embeddable":true,"href":"https:\/\/encuentroinformativo.com.mx\/index.php?rest_route=%2Fwp%2Fv2%2Fcategories&post=56381"},{"taxonomy":"post_tag","embeddable":true,"href":"https:\/\/encuentroinformativo.com.mx\/index.php?rest_route=%2Fwp%2Fv2%2Ftags&post=56381"}],"curies":[{"name":"wp","href":"https:\/\/api.w.org\/{rel}","templated":true}]}}