{"id":56395,"date":"2024-07-08T10:51:55","date_gmt":"2024-07-08T16:51:55","guid":{"rendered":"https:\/\/encuentroinformativo.com.mx\/?p=56395"},"modified":"2024-07-08T10:52:03","modified_gmt":"2024-07-08T16:52:03","slug":"sindicato-toma-instalaciones-de-direccion-de-bachillerato","status":"publish","type":"post","link":"https:\/\/encuentroinformativo.com.mx\/?p=56395","title":{"rendered":"Sindicato &#8220;toma&#8221; instalaciones de Direcci\u00f3n de Bachillerato"},"content":{"rendered":"\n<p><strong>Dar\u00edo Pale <\/strong><\/p>\n\n\n\n<p>Xalapa, Ver.- Con la finalidad de demandar las \u00f3rdenes de presentaci\u00f3n, movimientos, as\u00ed como de \u00a0recategorizaciones, los integrantes del Sindicato Estatal de Trabajadores de la Educaci\u00f3n en Veracruz, tomaron las instalaciones de la Direcci\u00f3n General de Bachillerato.<\/p>\n\n\n\n<p>En entrevista, el asesor general de la organizaci\u00f3n magisterial, Gabriel Reyes Salazar, refiri\u00f3 que desde el a\u00f1o pasado han estado en pl\u00e1ticas con las autoridades de la Oficial\u00eda Mayor, pero no han llegado a acuerdos satisfactorios para ellos.<\/p>\n\n\n\n<p>&#8220;Queremos que los movimientos se cumplan como los hemos solicitado y, adem\u00e1s, hay algo que se tom\u00f3 de acuerdo a las recategorizaciones, pero hay varios puntos que no se han cumplido como la acreditaci\u00f3n de las \u00f3rdenes de presentaci\u00f3n, horas&#8221;, se\u00f1al\u00f3.<\/p>\n\n\n\n<p>Coment\u00f3 que esto afecta a unas cuatro o cinco personas que est\u00e1n esperando su movimiento del a\u00f1o pasado, a pesar de que incluso ya se hab\u00eda presupuestado.<\/p>\n\n\n\n<p>Finalmente Reyes Salazar exigi\u00f3 a las autoridades educativas que haya atenci\u00f3n y di\u00e1logo para llegar a un acuerdo, de lo contrario, presionar\u00e1n en la Secretar\u00eda de Educaci\u00f3n de Veracruz (SEV).<\/p>\n\n\n\n<figure class=\"wp-block-image size-large\"><img loading=\"lazy\" decoding=\"async\" width=\"449\" height=\"1024\" src=\"https:\/\/encuentroinformativo.com.mx\/wp-content\/uploads\/2024\/07\/1000337759-449x1024.jpg\" alt=\"\" class=\"wp-image-56397\" srcset=\"https:\/\/encuentroinformativo.com.mx\/wp-content\/uploads\/2024\/07\/1000337759-449x1024.jpg 449w, https:\/\/encuentroinformativo.com.mx\/wp-content\/uploads\/2024\/07\/1000337759-132x300.jpg 132w, https:\/\/encuentroinformativo.com.mx\/wp-content\/uploads\/2024\/07\/1000337759-674x1536.jpg 674w, https:\/\/encuentroinformativo.com.mx\/wp-content\/uploads\/2024\/07\/1000337759.jpg 702w\" sizes=\"auto, (max-width: 449px) 100vw, 449px\" \/><\/figure>\n","protected":false},"excerpt":{"rendered":"<p>Dar\u00edo Pale Xalapa, Ver.- Con la finalidad de demandar las \u00f3rdenes de presentaci\u00f3n, movimientos, as\u00ed como de \u00a0recategorizaciones, los integrantes del Sindicato Estatal de Trabajadores de la Educaci\u00f3n en Veracruz, tomaron las instalaciones de la Direcci\u00f3n General de Bachillerato. En entrevista, el asesor general de la organizaci\u00f3n magisterial, Gabriel Reyes Salazar, refiri\u00f3 que desde el [&hellip;]<\/p>\n","protected":false},"author":2476,"featured_media":56396,"comment_status":"open","ping_status":"open","sticky":false,"template":"","format":"standard","meta":{"_jetpack_memberships_contains_paid_content":false,"footnotes":""},"categories":[3],"tags":[],"class_list":["post-56395","post","type-post","status-publish","format-standard","has-post-thumbnail","hentry","category-xalapa"],"jetpack_featured_media_url":"https:\/\/encuentroinformativo.com.mx\/wp-content\/uploads\/2024\/07\/IMG-20240708-WA0032.jpg","jetpack_sharing_enabled":true,"jetpack_likes_enabled":true,"amp_enabled":true,"_links":{"self":[{"href":"https:\/\/encuentroinformativo.com.mx\/index.php?rest_route=\/wp\/v2\/posts\/56395","targetHints":{"allow":["GET"]}}],"collection":[{"href":"https:\/\/encuentroinformativo.com.mx\/index.php?rest_route=\/wp\/v2\/posts"}],"about":[{"href":"https:\/\/encuentroinformativo.com.mx\/index.php?rest_route=\/wp\/v2\/types\/post"}],"author":[{"embeddable":true,"href":"https:\/\/encuentroinformativo.com.mx\/index.php?rest_route=\/wp\/v2\/users\/2476"}],"replies":[{"embeddable":true,"href":"https:\/\/encuentroinformativo.com.mx\/index.php?rest_route=%2Fwp%2Fv2%2Fcomments&post=56395"}],"version-history":[{"count":1,"href":"https:\/\/encuentroinformativo.com.mx\/index.php?rest_route=\/wp\/v2\/posts\/56395\/revisions"}],"predecessor-version":[{"id":56398,"href":"https:\/\/encuentroinformativo.com.mx\/index.php?rest_route=\/wp\/v2\/posts\/56395\/revisions\/56398"}],"wp:featuredmedia":[{"embeddable":true,"href":"https:\/\/encuentroinformativo.com.mx\/index.php?rest_route=\/wp\/v2\/media\/56396"}],"wp:attachment":[{"href":"https:\/\/encuentroinformativo.com.mx\/index.php?rest_route=%2Fwp%2Fv2%2Fmedia&parent=56395"}],"wp:term":[{"taxonomy":"category","embeddable":true,"href":"https:\/\/encuentroinformativo.com.mx\/index.php?rest_route=%2Fwp%2Fv2%2Fcategories&post=56395"},{"taxonomy":"post_tag","embeddable":true,"href":"https:\/\/encuentroinformativo.com.mx\/index.php?rest_route=%2Fwp%2Fv2%2Ftags&post=56395"}],"curies":[{"name":"wp","href":"https:\/\/api.w.org\/{rel}","templated":true}]}}