{"id":56413,"date":"2024-07-08T15:06:58","date_gmt":"2024-07-08T21:06:58","guid":{"rendered":"https:\/\/encuentroinformativo.com.mx\/?p=56413"},"modified":"2024-07-08T15:07:04","modified_gmt":"2024-07-08T21:07:04","slug":"acepta-gobierno-recomendacion-de-cndh-va-contra-grupo-mas","status":"publish","type":"post","link":"https:\/\/encuentroinformativo.com.mx\/?p=56413","title":{"rendered":"Acepta Gobierno recomendaci\u00f3n de CNDH, va contra Grupo MAS"},"content":{"rendered":"\n<p><strong>Dar\u00edo Pale <\/strong><\/p>\n\n\n\n<p>Xalapa, Ver.- Da a conocer que aceptar\u00e1 la recomendaci\u00f3n emitida por la Comisi\u00f3n Nacional de Derechos Humanos (CNDH), por violar los derechos de los habitantes de la zona metropolitana Veracruz, Boca del R\u00edo y Medell\u00edn a un medio ambiente sano y a recibir agua potable, debido a la contaminaci\u00f3n que genera Grupo MAS, as\u00ed lo inform\u00f3 el gobernador Cuitl\u00e1huac Garc\u00eda Jim\u00e9nez.<\/p>\n\n\n\n<p>En conferencia de prensa se\u00f1al\u00f3 que esto se debe a que, el organismo defensor de los derechos humanos emiti\u00f3 una recomendaci\u00f3n a seis organismos y autoridades de los tres niveles Gobierno por la contaminaci\u00f3n que provoca Grupo MAS.<\/p>\n\n\n\n<p>A trav\u00e9s de la recomendaci\u00f3n \u00a0119\/2024, la Comisi\u00f3n responsabiliza a los gobiernos por permitir un &#8220;deterioro ambiental&#8221; en la zona al tolerar el mal servicio del Grupo MAS, as\u00ed como de la Compa\u00f1\u00eda de Agua de Boca del R\u00edo (CAB).<\/p>\n\n\n\n<p>El mandarario estatal expres\u00f3 que no solapar\u00e1n al Grupo MAS, al contrario, anunci\u00f3 que endurecer\u00e1n las medidas contra la empresa, &#8220;advertir que ya hemos actuado contra el Grupo MAS, hemos estado atentos, por eso s\u00ed, aceptamos la recomendaci\u00f3n que hacen, porque no nada m\u00e1s es para el Gobierno, fundamentalmente la hacen a los que tienen jurisdicci\u00f3n&#8221;.<\/p>\n\n\n\n<p>&#8220;Claro, los que contrataron al Grupo MAS, son los principales. N\u00famero uno aplaudimos y aceptamos la recomendaci\u00f3n de la Comisi\u00f3n, que bueno que le entra a estos temas&#8221;, acus\u00f3.<\/p>\n\n\n\n<p>Garc\u00eda Jim\u00e9nez asegur\u00f3 que su administraci\u00f3n no inici\u00f3 apenas en el mes de mayo las sanciones contra Grupo MAS, sino que han &#8220;tra\u00eddo a raya&#8221; al grupo empresarial.<\/p>\n\n\n\n<p>Por su parte, el secretario de Medio Ambiente, Juan Carlos Contreras Bautista, expuso que el grupo deber\u00eda contar con autorizaciones para el manejo de residuos, para hacer un manejo especial.<\/p>\n\n\n\n<p>Finalmente inform\u00f3 que, los procedimientos los han dejado inconclusos, por lo que hay 16 tr\u00e1mites inconclusos al no contar con las Manifestaciones de Impacto Ambiental (MIA).<\/p>\n","protected":false},"excerpt":{"rendered":"<p>Dar\u00edo Pale Xalapa, Ver.- Da a conocer que aceptar\u00e1 la recomendaci\u00f3n emitida por la Comisi\u00f3n Nacional de Derechos Humanos (CNDH), por violar los derechos de los habitantes de la zona metropolitana Veracruz, Boca del R\u00edo y Medell\u00edn a un medio ambiente sano y a recibir agua potable, debido a la contaminaci\u00f3n que genera Grupo MAS, [&hellip;]<\/p>\n","protected":false},"author":2476,"featured_media":56414,"comment_status":"open","ping_status":"open","sticky":false,"template":"","format":"standard","meta":{"_jetpack_memberships_contains_paid_content":false,"footnotes":""},"categories":[2],"tags":[],"class_list":["post-56413","post","type-post","status-publish","format-standard","has-post-thumbnail","hentry","category-estado"],"jetpack_featured_media_url":"https:\/\/encuentroinformativo.com.mx\/wp-content\/uploads\/2024\/07\/IMG-20240708-WA00912.jpg","jetpack_sharing_enabled":true,"jetpack_likes_enabled":true,"amp_enabled":true,"_links":{"self":[{"href":"https:\/\/encuentroinformativo.com.mx\/index.php?rest_route=\/wp\/v2\/posts\/56413","targetHints":{"allow":["GET"]}}],"collection":[{"href":"https:\/\/encuentroinformativo.com.mx\/index.php?rest_route=\/wp\/v2\/posts"}],"about":[{"href":"https:\/\/encuentroinformativo.com.mx\/index.php?rest_route=\/wp\/v2\/types\/post"}],"author":[{"embeddable":true,"href":"https:\/\/encuentroinformativo.com.mx\/index.php?rest_route=\/wp\/v2\/users\/2476"}],"replies":[{"embeddable":true,"href":"https:\/\/encuentroinformativo.com.mx\/index.php?rest_route=%2Fwp%2Fv2%2Fcomments&post=56413"}],"version-history":[{"count":1,"href":"https:\/\/encuentroinformativo.com.mx\/index.php?rest_route=\/wp\/v2\/posts\/56413\/revisions"}],"predecessor-version":[{"id":56415,"href":"https:\/\/encuentroinformativo.com.mx\/index.php?rest_route=\/wp\/v2\/posts\/56413\/revisions\/56415"}],"wp:featuredmedia":[{"embeddable":true,"href":"https:\/\/encuentroinformativo.com.mx\/index.php?rest_route=\/wp\/v2\/media\/56414"}],"wp:attachment":[{"href":"https:\/\/encuentroinformativo.com.mx\/index.php?rest_route=%2Fwp%2Fv2%2Fmedia&parent=56413"}],"wp:term":[{"taxonomy":"category","embeddable":true,"href":"https:\/\/encuentroinformativo.com.mx\/index.php?rest_route=%2Fwp%2Fv2%2Fcategories&post=56413"},{"taxonomy":"post_tag","embeddable":true,"href":"https:\/\/encuentroinformativo.com.mx\/index.php?rest_route=%2Fwp%2Fv2%2Ftags&post=56413"}],"curies":[{"name":"wp","href":"https:\/\/api.w.org\/{rel}","templated":true}]}}