{"id":56416,"date":"2024-07-08T15:12:04","date_gmt":"2024-07-08T21:12:04","guid":{"rendered":"https:\/\/encuentroinformativo.com.mx\/?p=56416"},"modified":"2024-07-08T15:12:10","modified_gmt":"2024-07-08T21:12:10","slug":"inician-obras-para-hacer-peatonal-avenida-independencia-de-veracruz-puerto","status":"publish","type":"post","link":"https:\/\/encuentroinformativo.com.mx\/?p=56416","title":{"rendered":"Inician obras para hacer peatonal avenida Independencia de Veracruz puerto"},"content":{"rendered":"\n<p><strong>Alejandro \u00c1vila<\/strong><\/p>\n\n\n\n<p>Veracruz, Ver.- A partir de este martes 9 de julio se iniciar\u00e1n las obras para poder peatonalizar la avenida Independencia, inform\u00f3 la alcaldesa de Veracruz, Patricia Lobeira Rodr\u00edguez.<\/p>\n\n\n\n<p>La edil panista detall\u00f3 que en una primera etapa se rehabilitar\u00e1n de la calle Serd\u00e1n hasta Lerdo; posteriormente se ir\u00e1 avanzando en el resto de las calles que atraviesan la avenida principal del Centro Hist\u00f3rico de Veracruz.<\/p>\n\n\n\n<p>&#8220;Los fines de semana ser\u00eda cerrada la circulaci\u00f3n a partir del mediod\u00eda, pero tambi\u00e9n queremos hacer prueba y error, yo creo que es importante que la ciudadan\u00eda se involucre en estos cambios y que juntos vayamos decidiendo en que horario y que d\u00edas es lo ideal para que se cierre&#8221;, mencion\u00f3.<\/p>\n\n\n\n<p>Paty Lobeira mencion\u00f3 que aunque se concrete el proyecto de adoquinar para peatonalizar toda la avenida Independencia, no es viable que se suspenda la vialidad de forma definitiva en la avenida principal, pues es importante que durante la semana haya circulaci\u00f3n de autom\u00f3viles, probablemente y bajo un consenso con la ciudadan\u00eda se pueda cerrar el paso a los conductores los fines de semana.<\/p>\n","protected":false},"excerpt":{"rendered":"<p>Alejandro \u00c1vila Veracruz, Ver.- A partir de este martes 9 de julio se iniciar\u00e1n las obras para poder peatonalizar la avenida Independencia, inform\u00f3 la alcaldesa de Veracruz, Patricia Lobeira Rodr\u00edguez. La edil panista detall\u00f3 que en una primera etapa se rehabilitar\u00e1n de la calle Serd\u00e1n hasta Lerdo; posteriormente se ir\u00e1 avanzando en el resto de [&hellip;]<\/p>\n","protected":false},"author":2476,"featured_media":56417,"comment_status":"open","ping_status":"open","sticky":false,"template":"","format":"standard","meta":{"_jetpack_memberships_contains_paid_content":false,"footnotes":""},"categories":[2],"tags":[],"class_list":["post-56416","post","type-post","status-publish","format-standard","has-post-thumbnail","hentry","category-estado"],"jetpack_featured_media_url":"https:\/\/encuentroinformativo.com.mx\/wp-content\/uploads\/2024\/07\/IMG-20240708-WA01122.jpg","jetpack_sharing_enabled":true,"jetpack_likes_enabled":true,"amp_enabled":true,"_links":{"self":[{"href":"https:\/\/encuentroinformativo.com.mx\/index.php?rest_route=\/wp\/v2\/posts\/56416","targetHints":{"allow":["GET"]}}],"collection":[{"href":"https:\/\/encuentroinformativo.com.mx\/index.php?rest_route=\/wp\/v2\/posts"}],"about":[{"href":"https:\/\/encuentroinformativo.com.mx\/index.php?rest_route=\/wp\/v2\/types\/post"}],"author":[{"embeddable":true,"href":"https:\/\/encuentroinformativo.com.mx\/index.php?rest_route=\/wp\/v2\/users\/2476"}],"replies":[{"embeddable":true,"href":"https:\/\/encuentroinformativo.com.mx\/index.php?rest_route=%2Fwp%2Fv2%2Fcomments&post=56416"}],"version-history":[{"count":1,"href":"https:\/\/encuentroinformativo.com.mx\/index.php?rest_route=\/wp\/v2\/posts\/56416\/revisions"}],"predecessor-version":[{"id":56418,"href":"https:\/\/encuentroinformativo.com.mx\/index.php?rest_route=\/wp\/v2\/posts\/56416\/revisions\/56418"}],"wp:featuredmedia":[{"embeddable":true,"href":"https:\/\/encuentroinformativo.com.mx\/index.php?rest_route=\/wp\/v2\/media\/56417"}],"wp:attachment":[{"href":"https:\/\/encuentroinformativo.com.mx\/index.php?rest_route=%2Fwp%2Fv2%2Fmedia&parent=56416"}],"wp:term":[{"taxonomy":"category","embeddable":true,"href":"https:\/\/encuentroinformativo.com.mx\/index.php?rest_route=%2Fwp%2Fv2%2Fcategories&post=56416"},{"taxonomy":"post_tag","embeddable":true,"href":"https:\/\/encuentroinformativo.com.mx\/index.php?rest_route=%2Fwp%2Fv2%2Ftags&post=56416"}],"curies":[{"name":"wp","href":"https:\/\/api.w.org\/{rel}","templated":true}]}}