{"id":56422,"date":"2024-07-08T15:17:15","date_gmt":"2024-07-08T21:17:15","guid":{"rendered":"https:\/\/encuentroinformativo.com.mx\/?p=56422"},"modified":"2024-07-08T15:17:25","modified_gmt":"2024-07-08T21:17:25","slug":"feria-del-langostino-un-respiro-economico-para-habitantes-de-atoyac","status":"publish","type":"post","link":"https:\/\/encuentroinformativo.com.mx\/?p=56422","title":{"rendered":"Feria del Langostino un respiro econ\u00f3mico para habitantes de Atoyac"},"content":{"rendered":"\n<p><strong>Alejandro \u00c1vila<\/strong><\/p>\n\n\n\n<p>Veracruz, Ver.- La recientemente creada Feria del Langostino se ha convertido en un respiro econ\u00f3mico para la ciudadan\u00eda del municipio de Atoyac, qui\u00e9nes ve\u00edan afectados sus ingresos al terminar la zafra, mencion\u00f3 el alcalde, Carlos Alberto Ventura de La Paz.<\/p>\n\n\n\n<p>El presidente municipal mencion\u00f3 que la mayor\u00eda de los atoyenses trabajan en el ingenio ca\u00f1ero &#8220;El Potrero&#8221; (uno de los m\u00e1s grandes de M\u00e9xico) recursos de donde se basa la econom\u00eda de las familias de la zona; desafortunadamente, dijo que la molienda se ha acortado, y ahora solo es desde el mes de diciembre hasta mayo; motivo por el cual decidieron crear la Feria del Langostino para dar un respiro a los comerciantes de atoyac.<\/p>\n\n\n\n<p>&#8220;Lo que hemos creado es este festival en medio de esta franja de tiempo para que se pueda tener una derrama econ\u00f3mica, Potrero y Atoyac somos bastante de comercio, tenemos negocios tanto de comida, como de lugares turisticos y dem\u00e1s, Entonces siempre hemos tratado de que toda la derrama siempre quede en los restauranteros, quede en el que vende antojitos, quede en las tienditas que hay a la vuelta del parque, quede con los taxistas, los taxistas hacen much\u00edsimo trabajo en esta temporada, que todo ese dinero vaya quedando con los tour operadores para que tambi\u00e9n ellos tengan esa posibilidad de que con toda esa gente que llegue saquen sus rutas hacia la cascada, hacia los t\u00faneles, va a haber actividades de bicicleta, de senderismo y dem\u00e1s&#8221;, subray\u00f3.<\/p>\n\n\n\n<p>La tercera edici\u00f3n de la Feria de Langostino tendr\u00e1 5 conciertos masivos totalmente gratuitos; el 31 de julio se presentar\u00e1, Nelson Kanzela; el d\u00eda 1 de agosto, Bellakath; el 2 de agosto, la Banda Tierra Sagrada; el 3 de agosto, Inspector; y el 4 de agosto, Los Caracoles.<\/p>\n","protected":false},"excerpt":{"rendered":"<p>Alejandro \u00c1vila Veracruz, Ver.- La recientemente creada Feria del Langostino se ha convertido en un respiro econ\u00f3mico para la ciudadan\u00eda del municipio de Atoyac, qui\u00e9nes ve\u00edan afectados sus ingresos al terminar la zafra, mencion\u00f3 el alcalde, Carlos Alberto Ventura de La Paz. El presidente municipal mencion\u00f3 que la mayor\u00eda de los atoyenses trabajan en el [&hellip;]<\/p>\n","protected":false},"author":2476,"featured_media":56423,"comment_status":"open","ping_status":"open","sticky":false,"template":"","format":"standard","meta":{"_jetpack_memberships_contains_paid_content":false,"footnotes":""},"categories":[2],"tags":[],"class_list":["post-56422","post","type-post","status-publish","format-standard","has-post-thumbnail","hentry","category-estado"],"jetpack_featured_media_url":"https:\/\/encuentroinformativo.com.mx\/wp-content\/uploads\/2024\/07\/IMG-20240708-WA0121.jpg","jetpack_sharing_enabled":true,"jetpack_likes_enabled":true,"amp_enabled":true,"_links":{"self":[{"href":"https:\/\/encuentroinformativo.com.mx\/index.php?rest_route=\/wp\/v2\/posts\/56422","targetHints":{"allow":["GET"]}}],"collection":[{"href":"https:\/\/encuentroinformativo.com.mx\/index.php?rest_route=\/wp\/v2\/posts"}],"about":[{"href":"https:\/\/encuentroinformativo.com.mx\/index.php?rest_route=\/wp\/v2\/types\/post"}],"author":[{"embeddable":true,"href":"https:\/\/encuentroinformativo.com.mx\/index.php?rest_route=\/wp\/v2\/users\/2476"}],"replies":[{"embeddable":true,"href":"https:\/\/encuentroinformativo.com.mx\/index.php?rest_route=%2Fwp%2Fv2%2Fcomments&post=56422"}],"version-history":[{"count":1,"href":"https:\/\/encuentroinformativo.com.mx\/index.php?rest_route=\/wp\/v2\/posts\/56422\/revisions"}],"predecessor-version":[{"id":56424,"href":"https:\/\/encuentroinformativo.com.mx\/index.php?rest_route=\/wp\/v2\/posts\/56422\/revisions\/56424"}],"wp:featuredmedia":[{"embeddable":true,"href":"https:\/\/encuentroinformativo.com.mx\/index.php?rest_route=\/wp\/v2\/media\/56423"}],"wp:attachment":[{"href":"https:\/\/encuentroinformativo.com.mx\/index.php?rest_route=%2Fwp%2Fv2%2Fmedia&parent=56422"}],"wp:term":[{"taxonomy":"category","embeddable":true,"href":"https:\/\/encuentroinformativo.com.mx\/index.php?rest_route=%2Fwp%2Fv2%2Fcategories&post=56422"},{"taxonomy":"post_tag","embeddable":true,"href":"https:\/\/encuentroinformativo.com.mx\/index.php?rest_route=%2Fwp%2Fv2%2Ftags&post=56422"}],"curies":[{"name":"wp","href":"https:\/\/api.w.org\/{rel}","templated":true}]}}