{"id":56425,"date":"2024-07-08T15:20:04","date_gmt":"2024-07-08T21:20:04","guid":{"rendered":"https:\/\/encuentroinformativo.com.mx\/?p=56425"},"modified":"2024-07-08T15:20:12","modified_gmt":"2024-07-08T21:20:12","slug":"se-esperan-mas-de-5-mil-personas-para-la-marcha-lgbtq","status":"publish","type":"post","link":"https:\/\/encuentroinformativo.com.mx\/?p=56425","title":{"rendered":"Se esperan m\u00e1s de 5 mil personas para la marcha LGBTQ+"},"content":{"rendered":"\n<p><strong>Alejandro \u00c1vila<\/strong><\/p>\n\n\n\n<p>Veracruz, Ver.- M\u00e1s de 5 mil personas de diversos colectivos y comitivas de municipios aleda\u00f1os se congregar\u00e1n el pr\u00f3ximo el pr\u00f3ximo 14 de julio en la treceava marcha LGBTQ+ de Veracruz, misma que se desarrollar\u00e1 en el bulevar &#8220;Manuel \u00c1vila Camacho&#8221;.<\/p>\n\n\n\n<p>El recorrido iniciar\u00e1 en el hotel Lois (Boca del R\u00edo) a partir de las 5:30 de la tarde y culminar\u00e1 en la Plaza del Magisterio (Veracruz), puntualiz\u00f3 Vianey Jeffrey, coordinadora del evento.<\/p>\n\n\n\n<p>&#8220;El a\u00f1o pasado logramos reunir a m\u00e1s de 5 mil personas, esperemos que este a\u00f1o nos dicen que van a venir muchos colectivos de otros municipios que nos van a estar acompa\u00f1ando, y pues aliados y aliades de la comunidad y familia en general, yo creo que esto tambi\u00e9n siempre se realiza para la familia y para la comunidad Para poder marchar juntas, juntes y unidos&#8221;, expres\u00f3 la tambi\u00e9n presidenta de la Asociaci\u00f3n Movimiento Incluyente (MOVI).<\/p>\n\n\n\n<p>Por su parte, Keyla Calder\u00f3n, Reina de la marcha de la comunidad LGBTQ+ 2024, se\u00f1al\u00f3 que el activismo social se tiene que empezar al salir de sus casas, por lo que trabajan arduamente en hacer respetar los derechos humanosde todas las personas de la diversidad.<\/p>\n\n\n\n<p>&#8220;El estado tiene derecho a otorgarnos educaci\u00f3n, salud, justicia, y l\u00f3gicamente un poquito de estabilidad y vivienda, que luego tambi\u00e9n se nos ha negado (\u2026) aterrizando un poquito m\u00e1s de leyes para que sean legisladas, l\u00f3gicamente a nuestros, porque el derecho de las mujeres trans siempre ha sido pisoteado y siempre ha sido arrebatado, porque al final del d\u00eda tambi\u00e9n somos seres humanos y tambi\u00e9n pagamos impuestos como todos y tenemos derechos tambi\u00e9n&#8221;, expres\u00f3.<\/p>\n","protected":false},"excerpt":{"rendered":"<p>Alejandro \u00c1vila Veracruz, Ver.- M\u00e1s de 5 mil personas de diversos colectivos y comitivas de municipios aleda\u00f1os se congregar\u00e1n el pr\u00f3ximo el pr\u00f3ximo 14 de julio en la treceava marcha LGBTQ+ de Veracruz, misma que se desarrollar\u00e1 en el bulevar &#8220;Manuel \u00c1vila Camacho&#8221;. El recorrido iniciar\u00e1 en el hotel Lois (Boca del R\u00edo) a partir [&hellip;]<\/p>\n","protected":false},"author":2476,"featured_media":56426,"comment_status":"open","ping_status":"open","sticky":false,"template":"","format":"standard","meta":{"_jetpack_memberships_contains_paid_content":false,"footnotes":""},"categories":[2],"tags":[],"class_list":["post-56425","post","type-post","status-publish","format-standard","has-post-thumbnail","hentry","category-estado"],"jetpack_featured_media_url":"https:\/\/encuentroinformativo.com.mx\/wp-content\/uploads\/2024\/07\/IMG-20240708-WA0111.jpg","jetpack_sharing_enabled":true,"jetpack_likes_enabled":true,"amp_enabled":true,"_links":{"self":[{"href":"https:\/\/encuentroinformativo.com.mx\/index.php?rest_route=\/wp\/v2\/posts\/56425","targetHints":{"allow":["GET"]}}],"collection":[{"href":"https:\/\/encuentroinformativo.com.mx\/index.php?rest_route=\/wp\/v2\/posts"}],"about":[{"href":"https:\/\/encuentroinformativo.com.mx\/index.php?rest_route=\/wp\/v2\/types\/post"}],"author":[{"embeddable":true,"href":"https:\/\/encuentroinformativo.com.mx\/index.php?rest_route=\/wp\/v2\/users\/2476"}],"replies":[{"embeddable":true,"href":"https:\/\/encuentroinformativo.com.mx\/index.php?rest_route=%2Fwp%2Fv2%2Fcomments&post=56425"}],"version-history":[{"count":1,"href":"https:\/\/encuentroinformativo.com.mx\/index.php?rest_route=\/wp\/v2\/posts\/56425\/revisions"}],"predecessor-version":[{"id":56427,"href":"https:\/\/encuentroinformativo.com.mx\/index.php?rest_route=\/wp\/v2\/posts\/56425\/revisions\/56427"}],"wp:featuredmedia":[{"embeddable":true,"href":"https:\/\/encuentroinformativo.com.mx\/index.php?rest_route=\/wp\/v2\/media\/56426"}],"wp:attachment":[{"href":"https:\/\/encuentroinformativo.com.mx\/index.php?rest_route=%2Fwp%2Fv2%2Fmedia&parent=56425"}],"wp:term":[{"taxonomy":"category","embeddable":true,"href":"https:\/\/encuentroinformativo.com.mx\/index.php?rest_route=%2Fwp%2Fv2%2Fcategories&post=56425"},{"taxonomy":"post_tag","embeddable":true,"href":"https:\/\/encuentroinformativo.com.mx\/index.php?rest_route=%2Fwp%2Fv2%2Ftags&post=56425"}],"curies":[{"name":"wp","href":"https:\/\/api.w.org\/{rel}","templated":true}]}}