{"id":56431,"date":"2024-07-08T15:25:24","date_gmt":"2024-07-08T21:25:24","guid":{"rendered":"https:\/\/encuentroinformativo.com.mx\/?p=56431"},"modified":"2024-07-08T15:25:30","modified_gmt":"2024-07-08T21:25:30","slug":"siguen-sin-clima-en-torre-pediatrica-acusan-padres-de-ninos-con-cancer","status":"publish","type":"post","link":"https:\/\/encuentroinformativo.com.mx\/?p=56431","title":{"rendered":"Siguen sin clima en torre pedi\u00e1trica, acusan padres de ni\u00f1os con c\u00e1ncer"},"content":{"rendered":"\n<p><strong>Alejandro \u00c1vila<\/strong><\/p>\n\n\n\n<p>Veracruz, Ver.- Por la falta de aire acondicionado en la Torre Pedi\u00e1trica, las moscas rondan a los pacientes infantiles de c\u00e1ncer, situaci\u00f3n que pone en riesgo su salud debido a lo antihigi\u00e9nico de la situaci\u00f3n.<\/p>\n\n\n\n<p>Desde hace 15 d\u00edas el Hospital Infantil ubicado en la avenida 20 de noviembre del municipio de Veracruz se qued\u00f3 sin aire acondicionado y, a pesar de los reclamos de las madres de familia, es la fecha en que no ha quedado solucionada la situaci\u00f3n.<\/p>\n\n\n\n<p>&#8220;El d\u00eda s\u00e1bado fui a urgencias y en los instrumentos quir\u00fargicos hay moscas, andan rondando por todo, y m\u00e1s d\u00f3nde est\u00e1n los ni\u00f1os internados, en urgencias tambi\u00e9n, y est\u00e1n los ni\u00f1os graves y hay muchas muchas moscas&#8221;, mencion\u00f3 una peque\u00f1a paciente<\/p>\n\n\n\n<p>Debido a esta situaci\u00f3n, tambi\u00e9n se han pospuesto cirug\u00edas y quimioterapias<\/p>\n\n\n\n<p>\u201cExigimos los climas para los ni\u00f1os, ya ve que con las quimios ellos sienten en calor terrible, con las quimios que son calientes, debemos pensar en ellos, con la atenci\u00f3n que se merece, ya los trata mal la enfermedad\u201d, dijo Claudia Antonio, madre de paciente.<\/p>\n\n\n\n<p>A decir de la vocera de la madres de pacientes oncol\u00f3gicos, Cora de Jes\u00fas Rodr\u00edguez, se hab\u00edan comprometido a colocar enfriadores port\u00e1tiles y no se ha cumplido.<\/p>\n\n\n\n<p>\u201cTenemos un mobiliario fatal, trajeron sillones que en un d\u00eda se empezaron a descarapelar, en menos de una semana se rompieron todo, se exhiben las maderas\u201d.<\/p>\n\n\n\n<p>Algunos pacientes han sido canalizados al Hospital de Tarimoya y de Boca del R\u00edo, para continuar con la atenci\u00f3n m\u00e9dica.<\/p>\n\n\n\n<figure class=\"wp-block-image size-large\"><img loading=\"lazy\" decoding=\"async\" width=\"1024\" height=\"462\" src=\"https:\/\/encuentroinformativo.com.mx\/wp-content\/uploads\/2024\/07\/1000338159-1024x462.jpg\" alt=\"\" class=\"wp-image-56433\" srcset=\"https:\/\/encuentroinformativo.com.mx\/wp-content\/uploads\/2024\/07\/1000338159-1024x462.jpg 1024w, https:\/\/encuentroinformativo.com.mx\/wp-content\/uploads\/2024\/07\/1000338159-300x135.jpg 300w, https:\/\/encuentroinformativo.com.mx\/wp-content\/uploads\/2024\/07\/1000338159-768x346.jpg 768w, https:\/\/encuentroinformativo.com.mx\/wp-content\/uploads\/2024\/07\/1000338159.jpg 1156w\" sizes=\"auto, (max-width: 1024px) 100vw, 1024px\" \/><\/figure>\n","protected":false},"excerpt":{"rendered":"<p>Alejandro \u00c1vila Veracruz, Ver.- Por la falta de aire acondicionado en la Torre Pedi\u00e1trica, las moscas rondan a los pacientes infantiles de c\u00e1ncer, situaci\u00f3n que pone en riesgo su salud debido a lo antihigi\u00e9nico de la situaci\u00f3n. Desde hace 15 d\u00edas el Hospital Infantil ubicado en la avenida 20 de noviembre del municipio de Veracruz [&hellip;]<\/p>\n","protected":false},"author":2476,"featured_media":56432,"comment_status":"open","ping_status":"open","sticky":false,"template":"","format":"standard","meta":{"_jetpack_memberships_contains_paid_content":false,"footnotes":""},"categories":[9],"tags":[],"class_list":["post-56431","post","type-post","status-publish","format-standard","has-post-thumbnail","hentry","category-salud"],"jetpack_featured_media_url":"https:\/\/encuentroinformativo.com.mx\/wp-content\/uploads\/2024\/07\/IMG-20240708-WA0127.jpg","jetpack_sharing_enabled":true,"jetpack_likes_enabled":true,"amp_enabled":true,"_links":{"self":[{"href":"https:\/\/encuentroinformativo.com.mx\/index.php?rest_route=\/wp\/v2\/posts\/56431","targetHints":{"allow":["GET"]}}],"collection":[{"href":"https:\/\/encuentroinformativo.com.mx\/index.php?rest_route=\/wp\/v2\/posts"}],"about":[{"href":"https:\/\/encuentroinformativo.com.mx\/index.php?rest_route=\/wp\/v2\/types\/post"}],"author":[{"embeddable":true,"href":"https:\/\/encuentroinformativo.com.mx\/index.php?rest_route=\/wp\/v2\/users\/2476"}],"replies":[{"embeddable":true,"href":"https:\/\/encuentroinformativo.com.mx\/index.php?rest_route=%2Fwp%2Fv2%2Fcomments&post=56431"}],"version-history":[{"count":1,"href":"https:\/\/encuentroinformativo.com.mx\/index.php?rest_route=\/wp\/v2\/posts\/56431\/revisions"}],"predecessor-version":[{"id":56434,"href":"https:\/\/encuentroinformativo.com.mx\/index.php?rest_route=\/wp\/v2\/posts\/56431\/revisions\/56434"}],"wp:featuredmedia":[{"embeddable":true,"href":"https:\/\/encuentroinformativo.com.mx\/index.php?rest_route=\/wp\/v2\/media\/56432"}],"wp:attachment":[{"href":"https:\/\/encuentroinformativo.com.mx\/index.php?rest_route=%2Fwp%2Fv2%2Fmedia&parent=56431"}],"wp:term":[{"taxonomy":"category","embeddable":true,"href":"https:\/\/encuentroinformativo.com.mx\/index.php?rest_route=%2Fwp%2Fv2%2Fcategories&post=56431"},{"taxonomy":"post_tag","embeddable":true,"href":"https:\/\/encuentroinformativo.com.mx\/index.php?rest_route=%2Fwp%2Fv2%2Ftags&post=56431"}],"curies":[{"name":"wp","href":"https:\/\/api.w.org\/{rel}","templated":true}]}}