{"id":56439,"date":"2024-07-08T17:13:29","date_gmt":"2024-07-08T23:13:29","guid":{"rendered":"https:\/\/encuentroinformativo.com.mx\/?p=56439"},"modified":"2024-07-08T17:13:36","modified_gmt":"2024-07-08T23:13:36","slug":"ejidatarios-piden-intervencion-del-gobierno-para-resolver-conflicto-de-angel-r-cabada","status":"publish","type":"post","link":"https:\/\/encuentroinformativo.com.mx\/?p=56439","title":{"rendered":"Ejidatarios piden intervenci\u00f3n del gobierno para resolver conflicto de \u00c1ngel R. Cabada"},"content":{"rendered":"\n<p><strong>Dar\u00edo Pale <\/strong><\/p>\n\n\n\n<p>Xalapa, Ver.- Saturnino Machucho P\u00e9rez presidente del Comisariado Ejidal ejido de \u00c1ngel R. Cabada antes el Mez\u00f3n, dio a conocer que la manifestaci\u00f3n se debe a un conflicto agrario desde hace aproximadamente 50 a\u00f1os, pero ha sido orquestado por las instituciones del sector agrario principalmente la SEDATU.<\/p>\n\n\n\n<p>Entrevistado durante la manifestaci\u00f3n se\u00f1al\u00f3 que, cuando se dio el acto de posesi\u00f3n, no la dieron como lo se\u00f1alaba la resoluci\u00f3n presidencial, se cre\u00f3 un conflicto interno y por la opacidad, la omisi\u00f3n y la corrupci\u00f3n de los tribunales agrarios se dio una sentencia mal, ya que ordenan la restituci\u00f3n de 77 hect\u00e1reas en territorio de un ejido lo cual no se puede hacer.<\/p>\n\n\n\n<p>A pesar de que existe un avance sobre el cumplimiento de un juez de distrito a\u00fan as\u00ed pretenden ejecutar una fracci\u00f3n de terreno ejidal donde hay un asentamiento humano de m\u00e1s de mil habitantes, lo que representa un conflicto social porque los habitantes no van a permitir que se ejecute dicha sentencia.<\/p>\n\n\n\n<p>El ejido es su totalidad tiene mil 300 hect\u00e1reas de dotaci\u00f3n y 240 de ampliaci\u00f3n, por lo que quieren que no se ejecute la sentencia de desalojo o que se ejecute por el cumplimiento sustituto toda ves que se afectan viviendas, escuelas, iglesias y servicios p\u00fablicos.\u00a0<\/p>\n\n\n\n<p>Coment\u00f3 que la sentencia se dio el 13 de julio del 2002 y hasta la fecha no la han podido ejecutar, gracias a la resistencia de los habitantes, ya van m\u00e1s de 30 intentos de desalojo.<\/p>\n\n\n\n<p>En uso de la voz Armando Azamar coment\u00f3 que, son v\u00edctimas de supuesta corrupci\u00f3n por parte del funcionario del tribunal agrario 40 de San Andr\u00e9s Tuxtla, pues tienen acuse de ser desalojados de \u201cEl Mez\u00f3n\u201d, un terreno de \u00a075 hect\u00e1reas pobladas por m\u00e1s de mil 200 familias que llegaron a vivir ah\u00ed hace m\u00e1s de 30 a\u00f1os.\u00a0<\/p>\n\n\n\n<p>\u201cPor tercera ocasi\u00f3n hemos sido ejecutados por el juez tercero del distrito 40, tenemos un plazo hasta el d\u00eda 11 del mes, a las 8 va a ser la ejecuci\u00f3n. Ya tenemos el acuse donde da la orden el juez de que Guardia Nacional, Polic\u00eda Estatal y Polic\u00eda Municipal vayan con todo para desalojarnos\u201d, coment\u00f3.<\/p>\n\n\n\n<p>Por lo cual, solicitaron a las autoridades del Gobierno del Estado que intervengan ante el Tribunal Unitario Agrario, que determin\u00f3 sacarlos del terreno.\u00a0<\/p>\n\n\n\n<p>\u201cSolicitamos se otorgue una soluci\u00f3n definitiva a la ejecuci\u00f3n que tendremos el dia 11 de julio del presente, el cual hacemos responsable al Poder Judicial y al Juez Tercero de Distrito, a los cuales se\u00f1alamos como responsables de lo que acontezca\u201d, se\u00f1al\u00f3.<\/p>\n\n\n\n<p>En este sentido, advirti\u00f3 que no abandonar\u00e1n el lugar y que llegar\u00e1n hasta las \u00faltimas consecuencias para defenderse.\u00a0<\/p>\n\n\n\n<p>Por \u00faltimo dio a conocer que, \u201cno estamos dispuestos, vamos a pelear con palos, hachas, machetes, con lo que tengamos. De qu\u00e9 va a haber heridos, muertos, lo que salga, pero no nos vamos a salir\u201d.<\/p>\n","protected":false},"excerpt":{"rendered":"<p>Dar\u00edo Pale Xalapa, Ver.- Saturnino Machucho P\u00e9rez presidente del Comisariado Ejidal ejido de \u00c1ngel R. Cabada antes el Mez\u00f3n, dio a conocer que la manifestaci\u00f3n se debe a un conflicto agrario desde hace aproximadamente 50 a\u00f1os, pero ha sido orquestado por las instituciones del sector agrario principalmente la SEDATU. Entrevistado durante la manifestaci\u00f3n se\u00f1al\u00f3 que, [&hellip;]<\/p>\n","protected":false},"author":2476,"featured_media":56440,"comment_status":"open","ping_status":"open","sticky":false,"template":"","format":"standard","meta":{"_jetpack_memberships_contains_paid_content":false,"footnotes":""},"categories":[2],"tags":[],"class_list":["post-56439","post","type-post","status-publish","format-standard","has-post-thumbnail","hentry","category-estado"],"jetpack_featured_media_url":"https:\/\/encuentroinformativo.com.mx\/wp-content\/uploads\/2024\/07\/IMG-20240708-WA0153.jpg","jetpack_sharing_enabled":true,"jetpack_likes_enabled":true,"amp_enabled":true,"_links":{"self":[{"href":"https:\/\/encuentroinformativo.com.mx\/index.php?rest_route=\/wp\/v2\/posts\/56439","targetHints":{"allow":["GET"]}}],"collection":[{"href":"https:\/\/encuentroinformativo.com.mx\/index.php?rest_route=\/wp\/v2\/posts"}],"about":[{"href":"https:\/\/encuentroinformativo.com.mx\/index.php?rest_route=\/wp\/v2\/types\/post"}],"author":[{"embeddable":true,"href":"https:\/\/encuentroinformativo.com.mx\/index.php?rest_route=\/wp\/v2\/users\/2476"}],"replies":[{"embeddable":true,"href":"https:\/\/encuentroinformativo.com.mx\/index.php?rest_route=%2Fwp%2Fv2%2Fcomments&post=56439"}],"version-history":[{"count":1,"href":"https:\/\/encuentroinformativo.com.mx\/index.php?rest_route=\/wp\/v2\/posts\/56439\/revisions"}],"predecessor-version":[{"id":56441,"href":"https:\/\/encuentroinformativo.com.mx\/index.php?rest_route=\/wp\/v2\/posts\/56439\/revisions\/56441"}],"wp:featuredmedia":[{"embeddable":true,"href":"https:\/\/encuentroinformativo.com.mx\/index.php?rest_route=\/wp\/v2\/media\/56440"}],"wp:attachment":[{"href":"https:\/\/encuentroinformativo.com.mx\/index.php?rest_route=%2Fwp%2Fv2%2Fmedia&parent=56439"}],"wp:term":[{"taxonomy":"category","embeddable":true,"href":"https:\/\/encuentroinformativo.com.mx\/index.php?rest_route=%2Fwp%2Fv2%2Fcategories&post=56439"},{"taxonomy":"post_tag","embeddable":true,"href":"https:\/\/encuentroinformativo.com.mx\/index.php?rest_route=%2Fwp%2Fv2%2Ftags&post=56439"}],"curies":[{"name":"wp","href":"https:\/\/api.w.org\/{rel}","templated":true}]}}