{"id":5644,"date":"2020-09-08T18:44:01","date_gmt":"2020-09-08T23:44:01","guid":{"rendered":"https:\/\/encuentroinformativo.com.mx\/?p=5644"},"modified":"2020-09-08T18:44:06","modified_gmt":"2020-09-08T23:44:06","slug":"persiste-colapso-en-escuelas-privadas-50-podrian-cerrar","status":"publish","type":"post","link":"https:\/\/encuentroinformativo.com.mx\/?p=5644","title":{"rendered":"Persiste colapso en escuelas privadas; 50% podr\u00edan cerrar"},"content":{"rendered":"\n<p><strong>Juan Arcos <\/strong><\/p>\n\n\n\n<p>Xalapa, Ver.- Hasta el momento no ha cerrado ninguna escuela particular en Veracruz, de manera definitiva; sin embargo, hay m\u00e1s de 50 que est\u00e1n a punto de colapsar, confirm\u00f3 Carlos Luna Escudero, presidente de la Corporaci\u00f3n de Escuelas Particulares del Estado de Veracruz.<\/p>\n\n\n\n<p>El entrevistado indic\u00f3 que las instituciones privadas est\u00e1n a la espera de las listas de corrimiento en la Universidad Veracruzana (UV) y del bachillerato, para que incrementen las inscripciones y mejore su situaci\u00f3n financiera.<\/p>\n\n\n\n<p>\u201cHasta ahorita, que yo tenga noticias, no ha cerrado ninguna, pero est\u00e1n a punto de colapsar m\u00e1s de 50\u201d, insisti\u00f3.<\/p>\n\n\n\n<p>Adem\u00e1s, hay una disminuci\u00f3n de hasta 50 por ciento en la matr\u00edcula de nuevo ingreso en las instituciones educativas particulares.<\/p>\n\n\n\n<p>Tambi\u00e9n estas escuelas reportan una deserci\u00f3n escolar del 35 por ciento, situaci\u00f3n que ha afectado de manera considerable a los due\u00f1os de estos negocios.<\/p>\n\n\n\n<p>Record\u00f3 que las clases arrancar\u00e1n el pr\u00f3ximo 21 de septiembre en las universidades privadas.<\/p>\n\n\n\n<p>\u201cDepender\u00e1 mucho (el cierre de escuelas particulares) de cu\u00e1nta demanda haya \u00f1 en los pr\u00f3ximos d\u00edas\u201d, a\u00f1adi\u00f3 Luna Escudero.<\/p>\n\n\n\n<p>En el estado de Veracruz hay m\u00e1s de mil escuelas particulares de todos los niveles educativos, de las cuales, las de reciente creaci\u00f3n y las m\u00e1s peque\u00f1as, han padecido la mayor crisis econ\u00f3mica.<\/p>\n\n\n\n<p>\u201cEn general, en todas las escuelas ha disminuido la inscripci\u00f3n, la reinscripci\u00f3n hasta en un 50 por ciento\u201d, remat\u00f3 el Presidente de la Corporaci\u00f3n de Escuelas Particulares del Estado de Veracruz.<\/p>\n\n\n\n<p><\/p>\n","protected":false},"excerpt":{"rendered":"<p>Juan Arcos Xalapa, Ver.- Hasta el momento no ha cerrado ninguna escuela particular en Veracruz, de manera definitiva; sin embargo, hay m\u00e1s de 50 que est\u00e1n a punto de colapsar, confirm\u00f3 Carlos Luna Escudero, presidente de la Corporaci\u00f3n de Escuelas Particulares del Estado de Veracruz. El entrevistado indic\u00f3 que las instituciones privadas est\u00e1n a la [&hellip;]<\/p>\n","protected":false},"author":1,"featured_media":5633,"comment_status":"open","ping_status":"open","sticky":false,"template":"","format":"standard","meta":{"_jetpack_memberships_contains_paid_content":false,"footnotes":""},"categories":[2],"tags":[],"class_list":["post-5644","post","type-post","status-publish","format-standard","has-post-thumbnail","hentry","category-estado"],"jetpack_featured_media_url":"https:\/\/encuentroinformativo.com.mx\/wp-content\/uploads\/2020\/09\/E87A01FD-92D4-4C80-8313-8F096BBD3AEC.jpeg","jetpack_sharing_enabled":true,"jetpack_likes_enabled":true,"amp_enabled":true,"_links":{"self":[{"href":"https:\/\/encuentroinformativo.com.mx\/index.php?rest_route=\/wp\/v2\/posts\/5644","targetHints":{"allow":["GET"]}}],"collection":[{"href":"https:\/\/encuentroinformativo.com.mx\/index.php?rest_route=\/wp\/v2\/posts"}],"about":[{"href":"https:\/\/encuentroinformativo.com.mx\/index.php?rest_route=\/wp\/v2\/types\/post"}],"author":[{"embeddable":true,"href":"https:\/\/encuentroinformativo.com.mx\/index.php?rest_route=\/wp\/v2\/users\/1"}],"replies":[{"embeddable":true,"href":"https:\/\/encuentroinformativo.com.mx\/index.php?rest_route=%2Fwp%2Fv2%2Fcomments&post=5644"}],"version-history":[{"count":1,"href":"https:\/\/encuentroinformativo.com.mx\/index.php?rest_route=\/wp\/v2\/posts\/5644\/revisions"}],"predecessor-version":[{"id":5645,"href":"https:\/\/encuentroinformativo.com.mx\/index.php?rest_route=\/wp\/v2\/posts\/5644\/revisions\/5645"}],"wp:featuredmedia":[{"embeddable":true,"href":"https:\/\/encuentroinformativo.com.mx\/index.php?rest_route=\/wp\/v2\/media\/5633"}],"wp:attachment":[{"href":"https:\/\/encuentroinformativo.com.mx\/index.php?rest_route=%2Fwp%2Fv2%2Fmedia&parent=5644"}],"wp:term":[{"taxonomy":"category","embeddable":true,"href":"https:\/\/encuentroinformativo.com.mx\/index.php?rest_route=%2Fwp%2Fv2%2Fcategories&post=5644"},{"taxonomy":"post_tag","embeddable":true,"href":"https:\/\/encuentroinformativo.com.mx\/index.php?rest_route=%2Fwp%2Fv2%2Ftags&post=5644"}],"curies":[{"name":"wp","href":"https:\/\/api.w.org\/{rel}","templated":true}]}}