{"id":56442,"date":"2024-07-08T17:47:11","date_gmt":"2024-07-08T23:47:11","guid":{"rendered":"https:\/\/encuentroinformativo.com.mx\/?p=56442"},"modified":"2024-07-08T17:47:19","modified_gmt":"2024-07-08T23:47:19","slug":"esperan-mas-de-20-mil-visitantes-en-fiestas-en-santiago-apostol-en-los-tuxtlas","status":"publish","type":"post","link":"https:\/\/encuentroinformativo.com.mx\/?p=56442","title":{"rendered":"Esperan m\u00e1s de 20 mil visitantes en Fiestas en Santiago Ap\u00f3stol en Los Tuxtlas"},"content":{"rendered":"\n<p><strong>Alejandro \u00c1vila<\/strong><\/p>\n\n\n\n<p>Veracruz, Ver.- M\u00e1s de 20 mil visitantes que disfrutar\u00e1n de la gastronom\u00eda, eventos art\u00edsticos y la biodiversidad de la naturaleza en la zona de Los Tuxtlas, se espera se den cita a finales del mes de julio en las fiestas en honor a Santiago Ap\u00f3stol en el municipio de Santiago Tuxtla.<\/p>\n\n\n\n<p>En conferencia de prensa, Anthony James, director general de Grupo INNOVA Veracruz, anunci\u00f3 la cartelera art\u00edstica que se presentar\u00e1 en las tradicionales fiestas, encabezadas por la alcaldesa de Santiago Tuxtla, Kristel Hern\u00e1ndez Topete.<\/p>\n\n\n\n<p>Anthony James, director general de Grupo INNOVA, mencion\u00f3 ante los medios de comunicaci\u00f3n que estas fiestas titulares se realizar\u00e1n del 23 al 28 de julio, fecha en la que se realizar\u00e1n actividades religiosas, art\u00edsticas, deportivas y culturales.<\/p>\n\n\n\n<p>Agreg\u00f3 que se espera del 23 al 28 de julio una gran afluencia de visitantes que disfrutar\u00e1n diversas actividades como desfiles, mojigangas, torneos, feria, conciertos y bailes, todo enmarcado en un ambiente familiar y de seguridad.<\/p>\n\n\n\n<p>Detall\u00f3 que habr\u00e1 tres sedes para estos eventos art\u00edsticos gratis: El Teatro del Pueblo; la Unidad Deportiva \u201cEl Palenque\u201d y la Explanada del Palacio Municipal.<\/p>\n\n\n\n<p>Martes 23 de julio: NICHO HINOJOSA<br>Mi\u00e9rcoles 24 de julio: XIMENA SARI\u00d1ANA<br>Jueves 25 de julio: LEN\u00cdN RAM\u00cdREZ y ALFREDO R\u00cdOS \u201cEl Komander\u201d<br>Viernes 26 de julio: LA SONORA DINAMITA de Lucho Arga\u00edn<br>S\u00e1bado 27 de julio: JULIO PRECIADO y LOS PLEBES DEL RANCHO DE ARIEL CAMACHO<br>Domingo 28 de julio: DANNI FLOW<\/p>\n\n\n\n<p>Recordemos que Santiago Tuxtla se encuentra ubicado en el sur del Estado de Veracruz, en la Sierra de Tuxtla y est\u00e1 conformado por 239 localidades.<\/p>\n","protected":false},"excerpt":{"rendered":"<p>Alejandro \u00c1vila Veracruz, Ver.- M\u00e1s de 20 mil visitantes que disfrutar\u00e1n de la gastronom\u00eda, eventos art\u00edsticos y la biodiversidad de la naturaleza en la zona de Los Tuxtlas, se espera se den cita a finales del mes de julio en las fiestas en honor a Santiago Ap\u00f3stol en el municipio de Santiago Tuxtla. En conferencia [&hellip;]<\/p>\n","protected":false},"author":2476,"featured_media":56443,"comment_status":"open","ping_status":"open","sticky":false,"template":"","format":"standard","meta":{"_jetpack_memberships_contains_paid_content":false,"footnotes":""},"categories":[2],"tags":[],"class_list":["post-56442","post","type-post","status-publish","format-standard","has-post-thumbnail","hentry","category-estado"],"jetpack_featured_media_url":"https:\/\/encuentroinformativo.com.mx\/wp-content\/uploads\/2024\/07\/IMG-20240708-WA01572.jpg","jetpack_sharing_enabled":true,"jetpack_likes_enabled":true,"amp_enabled":true,"_links":{"self":[{"href":"https:\/\/encuentroinformativo.com.mx\/index.php?rest_route=\/wp\/v2\/posts\/56442","targetHints":{"allow":["GET"]}}],"collection":[{"href":"https:\/\/encuentroinformativo.com.mx\/index.php?rest_route=\/wp\/v2\/posts"}],"about":[{"href":"https:\/\/encuentroinformativo.com.mx\/index.php?rest_route=\/wp\/v2\/types\/post"}],"author":[{"embeddable":true,"href":"https:\/\/encuentroinformativo.com.mx\/index.php?rest_route=\/wp\/v2\/users\/2476"}],"replies":[{"embeddable":true,"href":"https:\/\/encuentroinformativo.com.mx\/index.php?rest_route=%2Fwp%2Fv2%2Fcomments&post=56442"}],"version-history":[{"count":1,"href":"https:\/\/encuentroinformativo.com.mx\/index.php?rest_route=\/wp\/v2\/posts\/56442\/revisions"}],"predecessor-version":[{"id":56444,"href":"https:\/\/encuentroinformativo.com.mx\/index.php?rest_route=\/wp\/v2\/posts\/56442\/revisions\/56444"}],"wp:featuredmedia":[{"embeddable":true,"href":"https:\/\/encuentroinformativo.com.mx\/index.php?rest_route=\/wp\/v2\/media\/56443"}],"wp:attachment":[{"href":"https:\/\/encuentroinformativo.com.mx\/index.php?rest_route=%2Fwp%2Fv2%2Fmedia&parent=56442"}],"wp:term":[{"taxonomy":"category","embeddable":true,"href":"https:\/\/encuentroinformativo.com.mx\/index.php?rest_route=%2Fwp%2Fv2%2Fcategories&post=56442"},{"taxonomy":"post_tag","embeddable":true,"href":"https:\/\/encuentroinformativo.com.mx\/index.php?rest_route=%2Fwp%2Fv2%2Ftags&post=56442"}],"curies":[{"name":"wp","href":"https:\/\/api.w.org\/{rel}","templated":true}]}}