{"id":56463,"date":"2024-07-09T10:59:04","date_gmt":"2024-07-09T16:59:04","guid":{"rendered":"https:\/\/encuentroinformativo.com.mx\/?p=56463"},"modified":"2024-07-09T15:59:10","modified_gmt":"2024-07-09T21:59:10","slug":"agencia-buscara-vincular-a-enfermeras-veracruzanas-al-extranjero","status":"publish","type":"post","link":"https:\/\/encuentroinformativo.com.mx\/?p=56463","title":{"rendered":"Agencia buscar\u00e1 vincular a enfermeras veracruzanas al extranjero"},"content":{"rendered":"\n<p><strong>Alejandro \u00c1vila<\/strong><\/p>\n\n\n\n<p>Veracruz, Ver.- La agencia de capacitaci\u00f3n Agency Trade se encuentra en tr\u00e1mites para poder comenzar a vincular a enfermeras veracruzanas en empleos en el extranjero, inform\u00f3 su presidenta, Jessica Vel\u00e1zquez Salda\u00f1a.<\/p>\n\n\n\n<p>&#8220;Estamos trabajando para que las futuras generaciones tambi\u00e9n puedan salir, conocer otros panoramas, conocer otros horizontes y poder trabajar en otros pa\u00edses&#8221;, declar\u00f3.<\/p>\n\n\n\n<p>A diferencia de otras instituciones educativas, Agency Trade cuenta con certificaciones que avalan a los alumnos que toman sus cursos, como personas capacitadas en las nuevas tendencias y formatos que se utilizan en Europa y Estados Unidos.<\/p>\n\n\n\n<p>En Veracruz ya cuentan con tres sedes, una en Huatusco a cargo de la Aurea Rebolledo; otra en Veracruz puerto (zona Tejer\u00eda) en el mando de Estefania G\u00f3mez; y en agosto se abrir\u00e1 en Ignacio de la Llave (La Mixtequilla), bajo la batuta de Anabel Mu\u00f1oz.<\/p>\n\n\n\n<p>Los interesados en obtener una certificaci\u00f3n de Enfermer\u00eda podr\u00e1n Abundar en informaci\u00f3n en las redes sociales de Agency Trade en Facebook, Instagram y Tik Tok; en los telefonos 2292 218776 y 2294 055245; adem\u00e1s, de la oficina central ubicada en la avenida Lafragua esquina Alacio P\u00e9rez #481.<\/p>\n","protected":false},"excerpt":{"rendered":"<p>Alejandro \u00c1vila Veracruz, Ver.- La agencia de capacitaci\u00f3n Agency Trade se encuentra en tr\u00e1mites para poder comenzar a vincular a enfermeras veracruzanas en empleos en el extranjero, inform\u00f3 su presidenta, Jessica Vel\u00e1zquez Salda\u00f1a. &#8220;Estamos trabajando para que las futuras generaciones tambi\u00e9n puedan salir, conocer otros panoramas, conocer otros horizontes y poder trabajar en otros pa\u00edses&#8221;, [&hellip;]<\/p>\n","protected":false},"author":2476,"featured_media":56481,"comment_status":"open","ping_status":"open","sticky":false,"template":"","format":"standard","meta":{"_jetpack_memberships_contains_paid_content":false,"footnotes":""},"categories":[9],"tags":[],"class_list":["post-56463","post","type-post","status-publish","format-standard","has-post-thumbnail","hentry","category-salud"],"jetpack_featured_media_url":"https:\/\/encuentroinformativo.com.mx\/wp-content\/uploads\/2024\/07\/IMG-20240709-WA0077.jpg","jetpack_sharing_enabled":true,"jetpack_likes_enabled":true,"amp_enabled":true,"_links":{"self":[{"href":"https:\/\/encuentroinformativo.com.mx\/index.php?rest_route=\/wp\/v2\/posts\/56463","targetHints":{"allow":["GET"]}}],"collection":[{"href":"https:\/\/encuentroinformativo.com.mx\/index.php?rest_route=\/wp\/v2\/posts"}],"about":[{"href":"https:\/\/encuentroinformativo.com.mx\/index.php?rest_route=\/wp\/v2\/types\/post"}],"author":[{"embeddable":true,"href":"https:\/\/encuentroinformativo.com.mx\/index.php?rest_route=\/wp\/v2\/users\/2476"}],"replies":[{"embeddable":true,"href":"https:\/\/encuentroinformativo.com.mx\/index.php?rest_route=%2Fwp%2Fv2%2Fcomments&post=56463"}],"version-history":[{"count":1,"href":"https:\/\/encuentroinformativo.com.mx\/index.php?rest_route=\/wp\/v2\/posts\/56463\/revisions"}],"predecessor-version":[{"id":56465,"href":"https:\/\/encuentroinformativo.com.mx\/index.php?rest_route=\/wp\/v2\/posts\/56463\/revisions\/56465"}],"wp:featuredmedia":[{"embeddable":true,"href":"https:\/\/encuentroinformativo.com.mx\/index.php?rest_route=\/wp\/v2\/media\/56481"}],"wp:attachment":[{"href":"https:\/\/encuentroinformativo.com.mx\/index.php?rest_route=%2Fwp%2Fv2%2Fmedia&parent=56463"}],"wp:term":[{"taxonomy":"category","embeddable":true,"href":"https:\/\/encuentroinformativo.com.mx\/index.php?rest_route=%2Fwp%2Fv2%2Fcategories&post=56463"},{"taxonomy":"post_tag","embeddable":true,"href":"https:\/\/encuentroinformativo.com.mx\/index.php?rest_route=%2Fwp%2Fv2%2Ftags&post=56463"}],"curies":[{"name":"wp","href":"https:\/\/api.w.org\/{rel}","templated":true}]}}