{"id":56466,"date":"2024-07-09T11:58:37","date_gmt":"2024-07-09T17:58:37","guid":{"rendered":"https:\/\/encuentroinformativo.com.mx\/?p=56466"},"modified":"2024-07-09T11:58:44","modified_gmt":"2024-07-09T17:58:44","slug":"uso-de-celulares-en-menores-de-2-anos-contribuye-al-autismo-virtual","status":"publish","type":"post","link":"https:\/\/encuentroinformativo.com.mx\/?p=56466","title":{"rendered":"Uso de celulares en menores de 2 a\u00f1os contribuye al &#8220;Autismo Virtual&#8221;"},"content":{"rendered":"\n<p><strong>Alejandro \u00c1vila<\/strong><\/p>\n\n\n\n<p>Veracruz, Ver.- La Organizaci\u00f3n Mundial de la Salud (OMS) alert\u00f3 que el uso de celulares y tabletas en ni\u00f1os menores de 2 a\u00f1os de edad est\u00e1 provocando el llamado &#8220;Autismo Virtual&#8221; mencion\u00f3, Rosy Tufi\u00f1o Campos, Especialista en Terapia de Lenguaje.<\/p>\n\n\n\n<p>Esta situaci\u00f3n est\u00e1 causando afectaciones neurol\u00f3gicas en los infantes, por lo cual la OMS hizo un llamado a los padres de familia para evitar dar celulares o tabletas a los peque\u00f1os ya que afecta al desarrollo del lenguaje y aprendizaje de los ni\u00f1os.<\/p>\n\n\n\n<p>&#8220;Est\u00e1n llegando muchos ni\u00f1os con problemas de lenguaje el hemisferio izquierdo del cerebro que es el encargado de ver el lenguaje, se est\u00e1 viendo afectado porque los surcos del cerebro, ya est\u00e1 investigado que los surcos del cerebro en los ni\u00f1os con uso excesivo de pantallas se est\u00e1 haciendo m\u00e1s profundo, entonces eso est\u00e1 afectando el desarrollo de los peques. Eviten pap\u00e1s, mam\u00e1s, darles pantallas a los peques, sustituyalos por otra cosa, ll\u00e9velos al parque, denles plastilina, denles material para colorear, muchos juguetitos para que ellos se puedan entretener y desarrollen su estimulaci\u00f3n en casa, la interacci\u00f3n social es una parte muy importante en ellos, y desafortunadamente hay muchos peques que se est\u00e1n diagnosticando con autismo, pero no llega a ser tanto un autismo, sino un autismo virtual&#8221;, puntualiz\u00f3.<\/p>\n\n\n\n<p>Rosy Tufi\u00f1o aclar\u00f3 que, a diferencia del autismo que es un espectro, el &#8220;autismo virtual&#8221; se puede ir corrigiendo al quitarle las pantallas a los ni\u00f1os y d\u00e1ndoles la estimulaci\u00f3n correcta para poder desarrollar su crecimiento y \u00e1rea neurol\u00f3gica.<\/p>\n\n\n\n<p>&#8220;Si un peque tiene un est\u00edmulo correcto, un desarrollo promedio sin pantallas, sobre todo los peques menores de dos a\u00f1os, no deber\u00eda tener un problema en cuanto a su lenguaje (\u2026) no ha habido una estad\u00edstica actualizada, sin embargo, desde hace unos a\u00f1os s\u00ed se est\u00e1 viendo que esto se est\u00e1 elevando, y a nivel de aprendizaje uno de cada tres ni\u00f1os est\u00e1 viendo afectada su cuesti\u00f3n de comprensi\u00f3n lectora, esto obviamente nos trae afectaciones tanto en preescolar como en primaria&#8221;, culmin\u00f3.<\/p>\n","protected":false},"excerpt":{"rendered":"<p>Alejandro \u00c1vila Veracruz, Ver.- La Organizaci\u00f3n Mundial de la Salud (OMS) alert\u00f3 que el uso de celulares y tabletas en ni\u00f1os menores de 2 a\u00f1os de edad est\u00e1 provocando el llamado &#8220;Autismo Virtual&#8221; mencion\u00f3, Rosy Tufi\u00f1o Campos, Especialista en Terapia de Lenguaje. Esta situaci\u00f3n est\u00e1 causando afectaciones neurol\u00f3gicas en los infantes, por lo cual la [&hellip;]<\/p>\n","protected":false},"author":2476,"featured_media":56467,"comment_status":"open","ping_status":"open","sticky":false,"template":"","format":"standard","meta":{"_jetpack_memberships_contains_paid_content":false,"footnotes":""},"categories":[9],"tags":[],"class_list":["post-56466","post","type-post","status-publish","format-standard","has-post-thumbnail","hentry","category-salud"],"jetpack_featured_media_url":"https:\/\/encuentroinformativo.com.mx\/wp-content\/uploads\/2024\/07\/IMG-20240709-WA00322.jpg","jetpack_sharing_enabled":true,"jetpack_likes_enabled":true,"amp_enabled":true,"_links":{"self":[{"href":"https:\/\/encuentroinformativo.com.mx\/index.php?rest_route=\/wp\/v2\/posts\/56466","targetHints":{"allow":["GET"]}}],"collection":[{"href":"https:\/\/encuentroinformativo.com.mx\/index.php?rest_route=\/wp\/v2\/posts"}],"about":[{"href":"https:\/\/encuentroinformativo.com.mx\/index.php?rest_route=\/wp\/v2\/types\/post"}],"author":[{"embeddable":true,"href":"https:\/\/encuentroinformativo.com.mx\/index.php?rest_route=\/wp\/v2\/users\/2476"}],"replies":[{"embeddable":true,"href":"https:\/\/encuentroinformativo.com.mx\/index.php?rest_route=%2Fwp%2Fv2%2Fcomments&post=56466"}],"version-history":[{"count":1,"href":"https:\/\/encuentroinformativo.com.mx\/index.php?rest_route=\/wp\/v2\/posts\/56466\/revisions"}],"predecessor-version":[{"id":56468,"href":"https:\/\/encuentroinformativo.com.mx\/index.php?rest_route=\/wp\/v2\/posts\/56466\/revisions\/56468"}],"wp:featuredmedia":[{"embeddable":true,"href":"https:\/\/encuentroinformativo.com.mx\/index.php?rest_route=\/wp\/v2\/media\/56467"}],"wp:attachment":[{"href":"https:\/\/encuentroinformativo.com.mx\/index.php?rest_route=%2Fwp%2Fv2%2Fmedia&parent=56466"}],"wp:term":[{"taxonomy":"category","embeddable":true,"href":"https:\/\/encuentroinformativo.com.mx\/index.php?rest_route=%2Fwp%2Fv2%2Fcategories&post=56466"},{"taxonomy":"post_tag","embeddable":true,"href":"https:\/\/encuentroinformativo.com.mx\/index.php?rest_route=%2Fwp%2Fv2%2Ftags&post=56466"}],"curies":[{"name":"wp","href":"https:\/\/api.w.org\/{rel}","templated":true}]}}