{"id":56478,"date":"2024-07-09T13:49:49","date_gmt":"2024-07-09T19:49:49","guid":{"rendered":"https:\/\/encuentroinformativo.com.mx\/?p=56478"},"modified":"2024-07-09T13:49:56","modified_gmt":"2024-07-09T19:49:56","slug":"evalua-ssp-a-147-hombres-privados-de-la-libertad-a-traves-del-programa-de-medidas-reeducativas","status":"publish","type":"post","link":"https:\/\/encuentroinformativo.com.mx\/?p=56478","title":{"rendered":"Eval\u00faa SSP a 147 hombres Privados de la Libertad a trav\u00e9s del programa de Medidas Reeducativas"},"content":{"rendered":"\n<p>Xalapa, Ver.- Para prevenir y erradicar la violencia contra las mujeres, la Secretaria de Seguridad P\u00fablica a trav\u00e9s de la Subsecretar\u00eda de Prevenci\u00f3n y Participaci\u00f3n Ciudadana en coordinaci\u00f3n con la Unidad de G\u00e9nero realiza con una consultora independiente, la medici\u00f3n del impacto del programa de Medidas Reeducativas con el modelo adaptado a hombres privados de su libertad de CECOVIM.<\/p>\n\n\n\n<p>Tomando una muestra de siete Centros Penitenciarios, el M\u00f3dulo de Prisi\u00f3n Preventiva y el Centro de Internamiento Especial para Adolescentes, es menester destacar que la Subsecretar\u00eda de Prevenci\u00f3n y Participaci\u00f3n Ciudadana cuenta con la colaboraci\u00f3n de personas facilitadoras capacitadas para implementar dicho programa dirigido a hombres privados de la libertad que ejercieron violencia de g\u00e9nero.<\/p>\n\n\n\n<p>Dicho programa es implementado desde el a\u00f1o 2021 en los Centros Penitenciarios del Estado con el objetivo de propiciar una reflexi\u00f3n sobres las conductas que los llevaron a cometer delitos en raz\u00f3n de g\u00e9nero.<\/p>\n\n\n\n<p>Los Centros Penitenciarios designados para la muestra son: Acayucan, Amatl\u00e1n de los Reyes, Coatzacoalcos, Cosamaloapan, Pacho Viejo, Tantoyuca y Tuxpan, as\u00ed como el M\u00f3dulo de Prisi\u00f3n Preventiva de Veracruz y el Centro de Internamiento Especial para Adolescentes.<\/p>\n","protected":false},"excerpt":{"rendered":"<p>Xalapa, Ver.- Para prevenir y erradicar la violencia contra las mujeres, la Secretaria de Seguridad P\u00fablica a trav\u00e9s de la Subsecretar\u00eda de Prevenci\u00f3n y Participaci\u00f3n Ciudadana en coordinaci\u00f3n con la Unidad de G\u00e9nero realiza con una consultora independiente, la medici\u00f3n del impacto del programa de Medidas Reeducativas con el modelo adaptado a hombres privados de [&hellip;]<\/p>\n","protected":false},"author":2476,"featured_media":56479,"comment_status":"open","ping_status":"open","sticky":false,"template":"","format":"standard","meta":{"_jetpack_memberships_contains_paid_content":false,"footnotes":""},"categories":[2],"tags":[],"class_list":["post-56478","post","type-post","status-publish","format-standard","has-post-thumbnail","hentry","category-estado"],"jetpack_featured_media_url":"https:\/\/encuentroinformativo.com.mx\/wp-content\/uploads\/2024\/07\/IMG-20240709-WA0066.jpg","jetpack_sharing_enabled":true,"jetpack_likes_enabled":true,"amp_enabled":true,"_links":{"self":[{"href":"https:\/\/encuentroinformativo.com.mx\/index.php?rest_route=\/wp\/v2\/posts\/56478","targetHints":{"allow":["GET"]}}],"collection":[{"href":"https:\/\/encuentroinformativo.com.mx\/index.php?rest_route=\/wp\/v2\/posts"}],"about":[{"href":"https:\/\/encuentroinformativo.com.mx\/index.php?rest_route=\/wp\/v2\/types\/post"}],"author":[{"embeddable":true,"href":"https:\/\/encuentroinformativo.com.mx\/index.php?rest_route=\/wp\/v2\/users\/2476"}],"replies":[{"embeddable":true,"href":"https:\/\/encuentroinformativo.com.mx\/index.php?rest_route=%2Fwp%2Fv2%2Fcomments&post=56478"}],"version-history":[{"count":1,"href":"https:\/\/encuentroinformativo.com.mx\/index.php?rest_route=\/wp\/v2\/posts\/56478\/revisions"}],"predecessor-version":[{"id":56480,"href":"https:\/\/encuentroinformativo.com.mx\/index.php?rest_route=\/wp\/v2\/posts\/56478\/revisions\/56480"}],"wp:featuredmedia":[{"embeddable":true,"href":"https:\/\/encuentroinformativo.com.mx\/index.php?rest_route=\/wp\/v2\/media\/56479"}],"wp:attachment":[{"href":"https:\/\/encuentroinformativo.com.mx\/index.php?rest_route=%2Fwp%2Fv2%2Fmedia&parent=56478"}],"wp:term":[{"taxonomy":"category","embeddable":true,"href":"https:\/\/encuentroinformativo.com.mx\/index.php?rest_route=%2Fwp%2Fv2%2Fcategories&post=56478"},{"taxonomy":"post_tag","embeddable":true,"href":"https:\/\/encuentroinformativo.com.mx\/index.php?rest_route=%2Fwp%2Fv2%2Ftags&post=56478"}],"curies":[{"name":"wp","href":"https:\/\/api.w.org\/{rel}","templated":true}]}}