{"id":5648,"date":"2020-09-08T19:57:12","date_gmt":"2020-09-09T00:57:12","guid":{"rendered":"https:\/\/encuentroinformativo.com.mx\/?p=5648"},"modified":"2020-09-08T19:57:16","modified_gmt":"2020-09-09T00:57:16","slug":"no-incurri-en-dano-patrimonial-americo-zuniga","status":"publish","type":"post","link":"https:\/\/encuentroinformativo.com.mx\/?p=5648","title":{"rendered":"No incurr\u00ed en da\u00f1o patrimonial: Am\u00e9rico Z\u00fa\u00f1iga"},"content":{"rendered":"\n<p><strong>Dar\u00edo Pale <\/strong><\/p>\n\n\n\n<p>Xalapa, Ver.- El delegado nacional del Partido Revolucionario Institucional (PRI), en Puebla Am\u00e9rico Z\u00fa\u00f1iga Mart\u00ednez dio a conocer que ser\u00eda mezquino de su parte o de cualquiera que est\u00e9 trabajando en pol\u00edtica hablar de pol\u00edtica cuando hay falta de empleo y seguridad.<\/p>\n\n\n\n<p>Entrevistado en conocido caf\u00e9 del centro de Xalapa se\u00f1al\u00f3 que las grandes omisiones que se est\u00e1n dando para atender la pandemia que est\u00e1 afectando en gran manera a la ciudadan\u00eda.<\/p>\n\n\n\n<p><strong>Da\u00f1o Patrimonial<\/strong> <\/p>\n\n\n\n<p>En otro orden de ideas neg\u00f3 haber incurrido en da\u00f1o patrimonial como fue se\u00f1alado al exhibirse una nueva denuncia presentada por el \u00d3rgano de Fiscalizaci\u00f3n Superior (ORFIS) ante la Fiscal\u00eda Especializada en Combate a la Corrupci\u00f3n por un presunto da\u00f1o a la Cuenta P\u00fablica 2017 por m\u00e1s de 2 millones de pesos.<\/p>\n\n\n\n<p>&#8220;Si quieren buscar alg\u00fan tipo de corrupci\u00f3n en m\u00ed no la van a encontrar, que se vayan a buscar a otro lado. Soy una persona que puede sin ning\u00fan problema, caminar por las calles de Xalapa y saludar al pueblo xalape\u00f1o con la frente en alto y con la conciencia limpia&#8221;, se\u00f1al\u00f3.<\/p>\n\n\n\n<p>Dio a conocer que se trata de la construcci\u00f3n de una barda de una escuela a finales del 2017, el \u00faltimo a\u00f1o de su gobierno y que en caso de haber alguna anomal\u00eda, debi\u00f3 ser la actual administraci\u00f3n de Hip\u00f3lito Rodr\u00edguez Herrero la que tuvo que solventar o ejecutar las fianzas correspondientes.<\/p>\n\n\n\n<p>&#8220;Una omisi\u00f3n porque fue un presunto da\u00f1o patrimonial derivado de una obra p\u00fablica que se entreg\u00f3 a total satisfacci\u00f3n y que debi\u00f3 haberse solventado en el 2018 y esa solventaci\u00f3n lleg\u00f3 incompleta al ORFIS por una omisi\u00f3n de parte de las autoridades municipales&#8221;, aclar\u00f3.<\/p>\n\n\n\n<p>Explic\u00f3 que dicha obra sufri\u00f3 un desplazamiento en su construcci\u00f3n y por ello, despu\u00e9s de que se entreg\u00f3 a finales del 2017 hubo todo un a\u00f1o, hasta finales del 2018 para que el gobierno de Hip\u00f3lito Rodr\u00edguez llamara a la empresa constructora para que la arreglara o en su caso, aplicara las fianzas que la propia Ley de Obras P\u00fablicas se\u00f1ala&#8221;.<\/p>\n\n\n\n<p>&#8220;La actual administraci\u00f3n, si es que no solvent\u00f3, si es que no ejecut\u00f3 las fianzas que la Ley de Obra les obliga, si es que no llam\u00f3 a cuentas a la constructora en su momento, est\u00e1 teniendo una omisi\u00f3n que es grave&#8221;, dio a conocer en entrevista.<\/p>\n\n\n\n<p>Por ahora, adelant\u00f3 que se reservar\u00eda el derecho a denunciar, pero insisti\u00f3 en defender su honor.<\/p>\n\n\n\n<p>&#8220;No voy a permitir que en tiempos dif\u00edciles como es la peor crisis sanitaria y econ\u00f3mica por la que estamos atravesando, quieran politizar un tema tan viejo. No voy a permitir que quieran manchar mi nombre y el de mis colaboradores&#8221;, finaliz\u00f3.<\/p>\n\n\n\n<p>Z\u00fa\u00f1iga Mart\u00ednez, quien actualmente es delegado del Partido Revolucionario Institucional (PRI) en Puebla no descart\u00f3 que tales se\u00f1alamientos tengan un trasfondo pol\u00edtico previo al proceso electoral del pr\u00f3ximo a\u00f1o.<\/p>\n\n\n\n<p><\/p>\n","protected":false},"excerpt":{"rendered":"<p>Dar\u00edo Pale Xalapa, Ver.- El delegado nacional del Partido Revolucionario Institucional (PRI), en Puebla Am\u00e9rico Z\u00fa\u00f1iga Mart\u00ednez dio a conocer que ser\u00eda mezquino de su parte o de cualquiera que est\u00e9 trabajando en pol\u00edtica hablar de pol\u00edtica cuando hay falta de empleo y seguridad. Entrevistado en conocido caf\u00e9 del centro de Xalapa se\u00f1al\u00f3 que las [&hellip;]<\/p>\n","protected":false},"author":1,"featured_media":5635,"comment_status":"open","ping_status":"open","sticky":false,"template":"","format":"standard","meta":{"_jetpack_memberships_contains_paid_content":false,"footnotes":""},"categories":[3],"tags":[],"class_list":["post-5648","post","type-post","status-publish","format-standard","has-post-thumbnail","hentry","category-xalapa"],"jetpack_featured_media_url":"https:\/\/encuentroinformativo.com.mx\/wp-content\/uploads\/2020\/09\/95BE9F1C-9864-4044-B750-266C33187B29.jpeg","jetpack_sharing_enabled":true,"jetpack_likes_enabled":true,"amp_enabled":true,"_links":{"self":[{"href":"https:\/\/encuentroinformativo.com.mx\/index.php?rest_route=\/wp\/v2\/posts\/5648","targetHints":{"allow":["GET"]}}],"collection":[{"href":"https:\/\/encuentroinformativo.com.mx\/index.php?rest_route=\/wp\/v2\/posts"}],"about":[{"href":"https:\/\/encuentroinformativo.com.mx\/index.php?rest_route=\/wp\/v2\/types\/post"}],"author":[{"embeddable":true,"href":"https:\/\/encuentroinformativo.com.mx\/index.php?rest_route=\/wp\/v2\/users\/1"}],"replies":[{"embeddable":true,"href":"https:\/\/encuentroinformativo.com.mx\/index.php?rest_route=%2Fwp%2Fv2%2Fcomments&post=5648"}],"version-history":[{"count":1,"href":"https:\/\/encuentroinformativo.com.mx\/index.php?rest_route=\/wp\/v2\/posts\/5648\/revisions"}],"predecessor-version":[{"id":5649,"href":"https:\/\/encuentroinformativo.com.mx\/index.php?rest_route=\/wp\/v2\/posts\/5648\/revisions\/5649"}],"wp:featuredmedia":[{"embeddable":true,"href":"https:\/\/encuentroinformativo.com.mx\/index.php?rest_route=\/wp\/v2\/media\/5635"}],"wp:attachment":[{"href":"https:\/\/encuentroinformativo.com.mx\/index.php?rest_route=%2Fwp%2Fv2%2Fmedia&parent=5648"}],"wp:term":[{"taxonomy":"category","embeddable":true,"href":"https:\/\/encuentroinformativo.com.mx\/index.php?rest_route=%2Fwp%2Fv2%2Fcategories&post=5648"},{"taxonomy":"post_tag","embeddable":true,"href":"https:\/\/encuentroinformativo.com.mx\/index.php?rest_route=%2Fwp%2Fv2%2Ftags&post=5648"}],"curies":[{"name":"wp","href":"https:\/\/api.w.org\/{rel}","templated":true}]}}