{"id":56482,"date":"2024-07-09T16:11:42","date_gmt":"2024-07-09T22:11:42","guid":{"rendered":"https:\/\/encuentroinformativo.com.mx\/?p=56482"},"modified":"2024-07-09T16:11:51","modified_gmt":"2024-07-09T22:11:51","slug":"llevaran-restos-de-palo-verde-a-centro-de-identificacion-de-nogales-colectivos","status":"publish","type":"post","link":"https:\/\/encuentroinformativo.com.mx\/?p=56482","title":{"rendered":"Llevar\u00e1n restos de Palo Verde a Centro de Identificaci\u00f3n de Nogales: Colectivos"},"content":{"rendered":"\n<p><strong>Dar\u00edo Pale <\/strong><\/p>\n\n\n\n<p>Xalapa, Ver.- Trasladar\u00e1n restos de pante\u00f3n Palo Verde a Nogales para identificaci\u00f3n, hay dos megafosas de La Guapota, ah\u00ed se han localizado 136 cuerpos e identificado a 22, es necesario nuevo plan para el \u00faltimo cuadrante que les falta, pero por su extensi\u00f3n deben hacer un nuevo plan y saber si meten maquinaria, as\u00ed lo dio a conocer Mar\u00eda Elena Guti\u00e9rrez, representante del colectivo Buscando a nuestros desaparecidos y desaparecidas Veracruz.<\/p>\n\n\n\n<p>En entrevista anunci\u00f3 que los restos de la fosa com\u00fan del pante\u00f3n Palo Verde ser\u00e1n trasladados a Nogales, por lo que lament\u00f3 nuevamente que se haya retirado el apoyo del ayuntamiento de Xalapa por la falta de acuerdo de los vecinos para construir un laboratorio gen\u00e9tico.<\/p>\n\n\n\n<p>Por ello, ahora la Fiscal\u00eda General del Estado trasladar\u00e1 los restos de Palo Verde al Centro de Identificaci\u00f3n Humana de Nogales.<\/p>\n\n\n\n<p>&#8220;Ah\u00ed va ser identificado el ADN y vamos a tener los registros.\u00a0 No ser\u00e1 un asunto masivo, va a ser como siempre ha trabajado Fiscal\u00eda y puede llevar restos, as\u00ed lo van a seguir haciendo, pero ahora con la idea de trasladarlos a Nogales&#8221;, se\u00f1al\u00f3.<\/p>\n\n\n\n<p>La madre buscadora adelant\u00f3 que podr\u00edan organizar un viaje de visita para medios de comunicaci\u00f3n a Nogales y conozcan el procesamiento de los bancos oseos.<\/p>\n\n\n\n<p>Mar\u00eda Elena Guti\u00e9rrez precis\u00f3 que la idea es exhumar restos del 2010 al 2016 de ah\u00ed de Palo Verde.<\/p>\n\n\n\n<p>Mientras que del predio de La Guapota, que para los colectivos es un &#8220;campo de exterminio&#8221;, ah\u00ed se lleva a cabo otro tipo de diligencia y de exhumaciones que han permitido entregar restos de 22 personas, inform\u00f3 Marisol Ram\u00edrez Calte.<\/p>\n\n\n\n<p>Si bien es cierto ah\u00ed, en el predio perteneciente al municipio de \u00darsulo Galv\u00e1n se han localizado restos de al menos 136 cuerpos, apenas se han identificado 22, mismos que ya se han entregado a sus familiares.<\/p>\n\n\n\n<p>&#8220;Hasta el d\u00eda de hoy se han recuperado 136 y 22 entregados a sus familias, en proceso hay 12, entonces con todos los dem\u00e1s, no les quiero decir cu\u00e1ntos a\u00f1os nos vamos a llevar&#8221;, coment\u00f3.<\/p>\n\n\n\n<p>Por ello, consider\u00f3 que al negarse la construcci\u00f3n del laboratorio gen\u00e9tico en el pante\u00f3n Palo Verde de esta capital, se le niega el derecho al desaparecido a ser identificado.<\/p>\n\n\n\n<p>En el caso del predio de La Guapota se tiene que hacer un nuevo plan de localizaci\u00f3n de puntos positivos, ya que todav\u00eda les falta uno de los cuatro cuadrantes en que dividieron el sitio.<\/p>\n\n\n\n<p>&#8220;Nos queda el cuadrante principal que es donde hay dos megafosas. Si en una fosa ordinaria, por llamarla as\u00ed, se han exhumado a 7 individuos, no queremos ni imaginar la dimensi\u00f3n de estas megafosas&#8221;, expuso.<\/p>\n\n\n\n<p>Finalmente se\u00f1al\u00f3 que es por ello que pararon los trabajos, ya que \u00a0tienen que hacer un nuevo plan y saber si es necesario introducir maquinaria pesada o qu\u00e9 hacer.<\/p>\n","protected":false},"excerpt":{"rendered":"<p>Dar\u00edo Pale Xalapa, Ver.- Trasladar\u00e1n restos de pante\u00f3n Palo Verde a Nogales para identificaci\u00f3n, hay dos megafosas de La Guapota, ah\u00ed se han localizado 136 cuerpos e identificado a 22, es necesario nuevo plan para el \u00faltimo cuadrante que les falta, pero por su extensi\u00f3n deben hacer un nuevo plan y saber si meten maquinaria, [&hellip;]<\/p>\n","protected":false},"author":2476,"featured_media":55635,"comment_status":"open","ping_status":"open","sticky":false,"template":"","format":"standard","meta":{"_jetpack_memberships_contains_paid_content":false,"footnotes":""},"categories":[2],"tags":[],"class_list":["post-56482","post","type-post","status-publish","format-standard","has-post-thumbnail","hentry","category-estado"],"jetpack_featured_media_url":"https:\/\/encuentroinformativo.com.mx\/wp-content\/uploads\/2024\/06\/1000323220.jpg","jetpack_sharing_enabled":true,"jetpack_likes_enabled":true,"amp_enabled":true,"_links":{"self":[{"href":"https:\/\/encuentroinformativo.com.mx\/index.php?rest_route=\/wp\/v2\/posts\/56482","targetHints":{"allow":["GET"]}}],"collection":[{"href":"https:\/\/encuentroinformativo.com.mx\/index.php?rest_route=\/wp\/v2\/posts"}],"about":[{"href":"https:\/\/encuentroinformativo.com.mx\/index.php?rest_route=\/wp\/v2\/types\/post"}],"author":[{"embeddable":true,"href":"https:\/\/encuentroinformativo.com.mx\/index.php?rest_route=\/wp\/v2\/users\/2476"}],"replies":[{"embeddable":true,"href":"https:\/\/encuentroinformativo.com.mx\/index.php?rest_route=%2Fwp%2Fv2%2Fcomments&post=56482"}],"version-history":[{"count":1,"href":"https:\/\/encuentroinformativo.com.mx\/index.php?rest_route=\/wp\/v2\/posts\/56482\/revisions"}],"predecessor-version":[{"id":56483,"href":"https:\/\/encuentroinformativo.com.mx\/index.php?rest_route=\/wp\/v2\/posts\/56482\/revisions\/56483"}],"wp:featuredmedia":[{"embeddable":true,"href":"https:\/\/encuentroinformativo.com.mx\/index.php?rest_route=\/wp\/v2\/media\/55635"}],"wp:attachment":[{"href":"https:\/\/encuentroinformativo.com.mx\/index.php?rest_route=%2Fwp%2Fv2%2Fmedia&parent=56482"}],"wp:term":[{"taxonomy":"category","embeddable":true,"href":"https:\/\/encuentroinformativo.com.mx\/index.php?rest_route=%2Fwp%2Fv2%2Fcategories&post=56482"},{"taxonomy":"post_tag","embeddable":true,"href":"https:\/\/encuentroinformativo.com.mx\/index.php?rest_route=%2Fwp%2Fv2%2Ftags&post=56482"}],"curies":[{"name":"wp","href":"https:\/\/api.w.org\/{rel}","templated":true}]}}