{"id":56493,"date":"2024-07-10T13:15:50","date_gmt":"2024-07-10T19:15:50","guid":{"rendered":"https:\/\/encuentroinformativo.com.mx\/?p=56493"},"modified":"2024-07-10T13:15:57","modified_gmt":"2024-07-10T19:15:57","slug":"buscara-frente-civico-evitar-sobrerrepresentacion-en-san-lazaro","status":"publish","type":"post","link":"https:\/\/encuentroinformativo.com.mx\/?p=56493","title":{"rendered":"Buscar\u00e1 Frente C\u00edvico evitar sobrerrepresentaci\u00f3n en San L\u00e1zaro"},"content":{"rendered":"\n<p><strong>Dar\u00edo Pale <\/strong><\/p>\n\n\n\n<p>Xalapa, Ver.- Llaman a ciudadanos a no permitir sobrerepresentaci\u00f3n de Morena y aliados en Congreso de la Uni\u00f3n, por lo que habr\u00e1 &#8220;marcaje personal&#8221; a autoridades electorales y partidos pol\u00edticos para que eviten la sobrerepresentaci\u00f3n, as\u00ed lo dieron a conocer los integrantes del Frente C\u00edvico Nacional en Veracruz.<\/p>\n\n\n\n<p>En conferencia de prensa, expusieron que llevar\u00e1n a cabo diversas movilizaciones ciudadanas ante el \u00f3rgano electoral porque en agosto debe asignar las curules por representaci\u00f3n proporcional tras las impugnaciones resueltas por el Tribunal Electoral del Poder Judicial de la Federaci\u00f3n.<\/p>\n\n\n\n<p>&#8220;Si el INE violenta la Constituci\u00f3n y otorga el 64 por ciento (a Morena y sus aliados), se tendr\u00e1 que impungar la sobrerepresentaci\u00f3n&#8221;, se\u00f1alaron.<\/p>\n\n\n\n<p>Recordaron que se llev\u00f3 a cabo un encuentro a nivel nacional el pasado 6 de julio, ah\u00ed se tomaron diversos acuerdos y planes de acci\u00f3n a nivel nacional.<\/p>\n\n\n\n<p>Indicaron que otro de los acuerdos fue hacer una concentraci\u00f3n de personas el s\u00e1bado 3 de agosto en las instalaciones del INE.<\/p>\n\n\n\n<p>Asimismo, una movilizaci\u00f3n hacia el Tribunal Electoral Federal del 10 al 17 de agosto.<\/p>\n\n\n\n<p>Finalmente en ese orden de ideas, el Frente Nacional acord\u00f3 que para conformar un nuevo partido pol\u00edtico, se llevar\u00e1 a cabo una consulta a los ciudadanos de cada una de las entidades del Pa\u00eds que estar\u00e1 encabezando Guadalupe Acosta Naranjo.<\/p>\n","protected":false},"excerpt":{"rendered":"<p>Dar\u00edo Pale Xalapa, Ver.- Llaman a ciudadanos a no permitir sobrerepresentaci\u00f3n de Morena y aliados en Congreso de la Uni\u00f3n, por lo que habr\u00e1 &#8220;marcaje personal&#8221; a autoridades electorales y partidos pol\u00edticos para que eviten la sobrerepresentaci\u00f3n, as\u00ed lo dieron a conocer los integrantes del Frente C\u00edvico Nacional en Veracruz. En conferencia de prensa, expusieron [&hellip;]<\/p>\n","protected":false},"author":2476,"featured_media":56494,"comment_status":"open","ping_status":"open","sticky":false,"template":"","format":"standard","meta":{"_jetpack_memberships_contains_paid_content":false,"footnotes":""},"categories":[2],"tags":[],"class_list":["post-56493","post","type-post","status-publish","format-standard","has-post-thumbnail","hentry","category-estado"],"jetpack_featured_media_url":"https:\/\/encuentroinformativo.com.mx\/wp-content\/uploads\/2024\/07\/IMG-20240710-WA0071.jpg","jetpack_sharing_enabled":true,"jetpack_likes_enabled":true,"amp_enabled":true,"_links":{"self":[{"href":"https:\/\/encuentroinformativo.com.mx\/index.php?rest_route=\/wp\/v2\/posts\/56493","targetHints":{"allow":["GET"]}}],"collection":[{"href":"https:\/\/encuentroinformativo.com.mx\/index.php?rest_route=\/wp\/v2\/posts"}],"about":[{"href":"https:\/\/encuentroinformativo.com.mx\/index.php?rest_route=\/wp\/v2\/types\/post"}],"author":[{"embeddable":true,"href":"https:\/\/encuentroinformativo.com.mx\/index.php?rest_route=\/wp\/v2\/users\/2476"}],"replies":[{"embeddable":true,"href":"https:\/\/encuentroinformativo.com.mx\/index.php?rest_route=%2Fwp%2Fv2%2Fcomments&post=56493"}],"version-history":[{"count":1,"href":"https:\/\/encuentroinformativo.com.mx\/index.php?rest_route=\/wp\/v2\/posts\/56493\/revisions"}],"predecessor-version":[{"id":56495,"href":"https:\/\/encuentroinformativo.com.mx\/index.php?rest_route=\/wp\/v2\/posts\/56493\/revisions\/56495"}],"wp:featuredmedia":[{"embeddable":true,"href":"https:\/\/encuentroinformativo.com.mx\/index.php?rest_route=\/wp\/v2\/media\/56494"}],"wp:attachment":[{"href":"https:\/\/encuentroinformativo.com.mx\/index.php?rest_route=%2Fwp%2Fv2%2Fmedia&parent=56493"}],"wp:term":[{"taxonomy":"category","embeddable":true,"href":"https:\/\/encuentroinformativo.com.mx\/index.php?rest_route=%2Fwp%2Fv2%2Fcategories&post=56493"},{"taxonomy":"post_tag","embeddable":true,"href":"https:\/\/encuentroinformativo.com.mx\/index.php?rest_route=%2Fwp%2Fv2%2Ftags&post=56493"}],"curies":[{"name":"wp","href":"https:\/\/api.w.org\/{rel}","templated":true}]}}