{"id":56496,"date":"2024-07-10T13:28:20","date_gmt":"2024-07-10T19:28:20","guid":{"rendered":"https:\/\/encuentroinformativo.com.mx\/?p=56496"},"modified":"2024-07-10T13:28:26","modified_gmt":"2024-07-10T19:28:26","slug":"lluvias-dejan-saldo-rojo-en-veracruz-puerto-pc","status":"publish","type":"post","link":"https:\/\/encuentroinformativo.com.mx\/?p=56496","title":{"rendered":"Lluvias dejan saldo rojo en Veracruz puerto: PC"},"content":{"rendered":"\n<p><strong>Dar\u00edo Pale <\/strong><\/p>\n\n\n\n<p>Xalapa, Ver.- Confirma la Secretar\u00eda de Protecci\u00f3n Civil (SPC) el fallecimiento de una persona por lluvias en Veracruz, la cual qued\u00f3 atrapada en su veh\u00edculo, tras las intensas lluvias en la zona conurbada Veracruz-Boca del R\u00edo, as\u00ed lo inform\u00f3 la titular de dicha dependencia Guadalupe Osorno Maldonado.<\/p>\n\n\n\n<p>En conferencia de prensa, junto con el Gobernador, indic\u00f3 que el veh\u00edculo fue localizado que se fue a una zona inundada.<\/p>\n\n\n\n<p>&#8220;Fue rescatado el cuerpo y tanto la Fiscal\u00eda como las autoridades est\u00e1n haciendo las investigaciones correspondientes&#8221;, se\u00f1al\u00f3.<\/p>\n\n\n\n<p>Ah\u00ed, reiter\u00f3 la recomendaci\u00f3n para que la gente no use sus veh\u00edculos durante lluvias fuertes como las de este martes.<\/p>\n\n\n\n<p>&#8220;Recordemos que en pavimento las corrientes de agua pueden alcanzar velocidades muy importantes y causar afectaciones, incluso pueden alcanzar una fuerza que puede desviar o arrastrar veh\u00edculos&#8221;, inform\u00f3.<\/p>\n\n\n\n<p>Anunci\u00f3 que todav\u00eda se esperan lluvias fuertes en la zona norte del puerto, pero para el viernes ya se espera que mejoren las condiciones.<\/p>\n\n\n\n<p>Derivado de las lluvias por la Onda Tropical n\u00famero 8, expuso que desde ayer estuvieron atendiendo afectaciones en 7 colonias de Boca del R\u00edo, as\u00ed como en 9 colonias de Veracruz.<\/p>\n\n\n\n<p>Indic\u00f3 que en el refugio temporal que fue activado se recibieron a cinco personas en coordinaci\u00f3n con el Sistema DIF Estatal y el IPE.<\/p>\n\n\n\n<p>Puntualiz\u00f3 que se desplegaron dos equipos de la SPC para hacer corroboraci\u00f3n de afectaciones en las diferentes colonias de dichos municipios.<\/p>\n\n\n\n<p>Por \u00faltimo recalc\u00f3 que a trav\u00e9s de los distintos planes de emergencia de la Marina y la SSP se llevaron a cabo rescates, as\u00ed como apoyo para la limpieza y acordonamiento de vialidades.<\/p>\n","protected":false},"excerpt":{"rendered":"<p>Dar\u00edo Pale Xalapa, Ver.- Confirma la Secretar\u00eda de Protecci\u00f3n Civil (SPC) el fallecimiento de una persona por lluvias en Veracruz, la cual qued\u00f3 atrapada en su veh\u00edculo, tras las intensas lluvias en la zona conurbada Veracruz-Boca del R\u00edo, as\u00ed lo inform\u00f3 la titular de dicha dependencia Guadalupe Osorno Maldonado. En conferencia de prensa, junto con [&hellip;]<\/p>\n","protected":false},"author":2476,"featured_media":56497,"comment_status":"open","ping_status":"open","sticky":false,"template":"","format":"standard","meta":{"_jetpack_memberships_contains_paid_content":false,"footnotes":""},"categories":[2],"tags":[],"class_list":["post-56496","post","type-post","status-publish","format-standard","has-post-thumbnail","hentry","category-estado"],"jetpack_featured_media_url":"https:\/\/encuentroinformativo.com.mx\/wp-content\/uploads\/2024\/07\/IMG-20240710-WA0084.jpg","jetpack_sharing_enabled":true,"jetpack_likes_enabled":true,"amp_enabled":true,"_links":{"self":[{"href":"https:\/\/encuentroinformativo.com.mx\/index.php?rest_route=\/wp\/v2\/posts\/56496","targetHints":{"allow":["GET"]}}],"collection":[{"href":"https:\/\/encuentroinformativo.com.mx\/index.php?rest_route=\/wp\/v2\/posts"}],"about":[{"href":"https:\/\/encuentroinformativo.com.mx\/index.php?rest_route=\/wp\/v2\/types\/post"}],"author":[{"embeddable":true,"href":"https:\/\/encuentroinformativo.com.mx\/index.php?rest_route=\/wp\/v2\/users\/2476"}],"replies":[{"embeddable":true,"href":"https:\/\/encuentroinformativo.com.mx\/index.php?rest_route=%2Fwp%2Fv2%2Fcomments&post=56496"}],"version-history":[{"count":1,"href":"https:\/\/encuentroinformativo.com.mx\/index.php?rest_route=\/wp\/v2\/posts\/56496\/revisions"}],"predecessor-version":[{"id":56498,"href":"https:\/\/encuentroinformativo.com.mx\/index.php?rest_route=\/wp\/v2\/posts\/56496\/revisions\/56498"}],"wp:featuredmedia":[{"embeddable":true,"href":"https:\/\/encuentroinformativo.com.mx\/index.php?rest_route=\/wp\/v2\/media\/56497"}],"wp:attachment":[{"href":"https:\/\/encuentroinformativo.com.mx\/index.php?rest_route=%2Fwp%2Fv2%2Fmedia&parent=56496"}],"wp:term":[{"taxonomy":"category","embeddable":true,"href":"https:\/\/encuentroinformativo.com.mx\/index.php?rest_route=%2Fwp%2Fv2%2Fcategories&post=56496"},{"taxonomy":"post_tag","embeddable":true,"href":"https:\/\/encuentroinformativo.com.mx\/index.php?rest_route=%2Fwp%2Fv2%2Ftags&post=56496"}],"curies":[{"name":"wp","href":"https:\/\/api.w.org\/{rel}","templated":true}]}}