{"id":56502,"date":"2024-07-10T15:09:31","date_gmt":"2024-07-10T21:09:31","guid":{"rendered":"https:\/\/encuentroinformativo.com.mx\/?p=56502"},"modified":"2024-07-10T15:09:37","modified_gmt":"2024-07-10T21:09:37","slug":"se-respeta-la-presuncion-de-inocencia-gobernador","status":"publish","type":"post","link":"https:\/\/encuentroinformativo.com.mx\/?p=56502","title":{"rendered":"Se respeta la presunci\u00f3n de inocencia: Gobernador"},"content":{"rendered":"\n<p><strong>Dar\u00edo Pale <\/strong><\/p>\n\n\n\n<p>Xalapa, Ver.- El gobernador Cuitl\u00e1huac Garc\u00eda Jim\u00e9nez, expres\u00f3 que se hace la inocente palomita, pero se pronuncia porque el caso se lleve conforme a derecho, esto tras la notificaci\u00f3n de los abogados del senador electo Miguel \u00c1ngel Yunes M\u00e1rquez, de que su defendido estar\u00eda en Estados Unidos.<\/p>\n\n\n\n<p>En conferencia de prensa, coment\u00f3 que se enter\u00f3 esta ma\u00f1ana que los abogados se presentaron a la audiencia programada para este d\u00eda, ah\u00ed notificaron que no pod\u00eda asistir.<\/p>\n\n\n\n<p>&#8220;Dijeron que estaba en Florida para atenderse o algo as\u00ed, la verdad es que no conozco a detalle, no tengo injerencia en la carpeta (de investigaci\u00f3n), ni lo voy a hacer, pero as\u00ed como lo narraste&#8221;, se\u00f1al\u00f3.<\/p>\n\n\n\n<p>El Ejecutivo dijo que no quer\u00eda expresarse mucho al respecto porque despu\u00e9s se le acusa de hacer persecuci\u00f3n pol\u00edtica.<\/p>\n\n\n\n<p>&#8220;Qu\u00e9 por qu\u00e9 contra est\u00e1s inocentes palomitas y cosas as\u00ed, en verdad as\u00ed lo llegan a decir, entonces que se hagan las cuestiones apegadas a Derecho&#8221;, coment\u00f3.<\/p>\n\n\n\n<p>&#8220;En efecto lleg\u00f3 a decir: aqu\u00ed estoy, no me voy, yo de frente, pero esos desplantes ya son muy conocidos de parte de estos personajes, no es el \u00fanico&#8221;, agreg\u00f3.<\/p>\n\n\n\n<p>Garc\u00eda Jim\u00e9nez consider\u00f3 que lo mejor es que se siga un proceso apegado a Derecho como corresponde y que la Fiscal\u00eda General del Estado vaya informando al respecto.<\/p>\n\n\n\n<p>No descart\u00f3 que quiz\u00e1 se est\u00e9 cuidando mucho el proceso para evitar que con artima\u00f1as legaloides se &#8220;safen&#8221;.<\/p>\n\n\n\n<p>Por \u00faltimo subray\u00f3 que se debe respetar la presunci\u00f3n de inocencia del senador electo, y respecto de que Yunes M\u00e1rquez est\u00e9 esperando a lograr rendir protesta como senador, el Gobernador record\u00f3 el caso del senador Roche quien fue metido en la cajuela de un auto para ingresar al recinto y rendir protesta.<\/p>\n","protected":false},"excerpt":{"rendered":"<p>Dar\u00edo Pale Xalapa, Ver.- El gobernador Cuitl\u00e1huac Garc\u00eda Jim\u00e9nez, expres\u00f3 que se hace la inocente palomita, pero se pronuncia porque el caso se lleve conforme a derecho, esto tras la notificaci\u00f3n de los abogados del senador electo Miguel \u00c1ngel Yunes M\u00e1rquez, de que su defendido estar\u00eda en Estados Unidos. En conferencia de prensa, coment\u00f3 que [&hellip;]<\/p>\n","protected":false},"author":2476,"featured_media":56503,"comment_status":"open","ping_status":"open","sticky":false,"template":"","format":"standard","meta":{"_jetpack_memberships_contains_paid_content":false,"footnotes":""},"categories":[2],"tags":[],"class_list":["post-56502","post","type-post","status-publish","format-standard","has-post-thumbnail","hentry","category-estado"],"jetpack_featured_media_url":"https:\/\/encuentroinformativo.com.mx\/wp-content\/uploads\/2024\/07\/IMG-20240710-WA0106.jpg","jetpack_sharing_enabled":true,"jetpack_likes_enabled":true,"amp_enabled":true,"_links":{"self":[{"href":"https:\/\/encuentroinformativo.com.mx\/index.php?rest_route=\/wp\/v2\/posts\/56502","targetHints":{"allow":["GET"]}}],"collection":[{"href":"https:\/\/encuentroinformativo.com.mx\/index.php?rest_route=\/wp\/v2\/posts"}],"about":[{"href":"https:\/\/encuentroinformativo.com.mx\/index.php?rest_route=\/wp\/v2\/types\/post"}],"author":[{"embeddable":true,"href":"https:\/\/encuentroinformativo.com.mx\/index.php?rest_route=\/wp\/v2\/users\/2476"}],"replies":[{"embeddable":true,"href":"https:\/\/encuentroinformativo.com.mx\/index.php?rest_route=%2Fwp%2Fv2%2Fcomments&post=56502"}],"version-history":[{"count":1,"href":"https:\/\/encuentroinformativo.com.mx\/index.php?rest_route=\/wp\/v2\/posts\/56502\/revisions"}],"predecessor-version":[{"id":56504,"href":"https:\/\/encuentroinformativo.com.mx\/index.php?rest_route=\/wp\/v2\/posts\/56502\/revisions\/56504"}],"wp:featuredmedia":[{"embeddable":true,"href":"https:\/\/encuentroinformativo.com.mx\/index.php?rest_route=\/wp\/v2\/media\/56503"}],"wp:attachment":[{"href":"https:\/\/encuentroinformativo.com.mx\/index.php?rest_route=%2Fwp%2Fv2%2Fmedia&parent=56502"}],"wp:term":[{"taxonomy":"category","embeddable":true,"href":"https:\/\/encuentroinformativo.com.mx\/index.php?rest_route=%2Fwp%2Fv2%2Fcategories&post=56502"},{"taxonomy":"post_tag","embeddable":true,"href":"https:\/\/encuentroinformativo.com.mx\/index.php?rest_route=%2Fwp%2Fv2%2Ftags&post=56502"}],"curies":[{"name":"wp","href":"https:\/\/api.w.org\/{rel}","templated":true}]}}