{"id":56527,"date":"2024-07-11T12:25:21","date_gmt":"2024-07-11T18:25:21","guid":{"rendered":"https:\/\/encuentroinformativo.com.mx\/?p=56527"},"modified":"2024-07-11T12:25:27","modified_gmt":"2024-07-11T18:25:27","slug":"positivo-para-derrama-economica-peatonalizar-avenida-independencia-cometur","status":"publish","type":"post","link":"https:\/\/encuentroinformativo.com.mx\/?p=56527","title":{"rendered":"Positivo para derrama econ\u00f3mica peatonalizar Avenida Independencia: COMETUR"},"content":{"rendered":"\n<p><strong>Alejandro \u00c1vila<\/strong><\/p>\n\n\n\n<p>Veracruz, Ver.- La peatonalizaci\u00f3n de la avenida Independencia ser\u00e1 positiva en derrama econ\u00f3mica, mencion\u00f3 el presidente del Consejo Metropolitano de Turismo (COMETUR), Sergio Lois Heredia.<\/p>\n\n\n\n<p>El empresario record\u00f3 que durante la pandemia se ejecut\u00f3 un programa similar llamado &#8220;Independencia Peatonal&#8221;, mismo que atrajo al turismo y dej\u00f3 grandes dividendos a los comercios del primer cuadro de la ciudad.<\/p>\n\n\n\n<p>&#8220;Gente de Veracruz que ya no ven\u00eda al centro a consumir estos lugares, empez\u00f3 a venir y se empez\u00f3 a activar gradualmente el consumo en esa \u00e9poca. Coincido con la alcaldesa en que no se puede cerrar permanentemente ese tramo de Independencia porque es muy traficado sobre todo entre semana, los s\u00e1bados en la tarde tambi\u00e9n es bastante traficado, sin embargo, si nosotros tomamos un ejemplo de los centros hist\u00f3ricos de otras ciudades que han tenido \u00e9xito, en la mayor\u00eda se ha peatonalizado ya sea permanentemente o como se pretende hacer aqu\u00ed en Veracruz, que solamente es los fines de semana&#8221;, expres\u00f3.<\/p>\n\n\n\n<p>Sergio Lois mencion\u00f3 que \u00fanicamente se tiene que cuidar los aspectos de la circulaci\u00f3n y, espera que los trabajos que iniciaron a partir de este martes en la avenida Independencia no tarden tanto como la remodelaci\u00f3n que se hizo en el z\u00f3calo de la ciudad.<\/p>\n\n\n\n<p>&#8220;Ser\u00e1 muy importante que esta obra vaya acompa\u00f1ada de la se\u00f1alizaci\u00f3n respectiva, para que las personas puedan llegar a este lugar, m\u00e1s que llegar en su coche porque va a ser peatonal, que puedan llegar a los lugares donde van a dejar su coche, que puedan llegar caminando sin tener mayores complicaciones. Esperemos que la obra no tome mucho tiempo, la realidad es que lo que se hizo en Los Portales y lo que se siga haciendo en Guti\u00e9rrez Zamora junto a la Catedral, ha tomado m\u00e1s tiempo de lo que se anunci\u00f3, si no mal recuerdo en enero, ojal\u00e1 que los trabajos sean Independencia que se van a estar haciendo, no se atrasen tanto, no tomen tanto tiempo, porque esos trabajos s\u00ed van a afectar al tr\u00e1fico, a la circulaci\u00f3n, y si van a provocar un poco m\u00e1s de molestias&#8221;, culmin\u00f3.<\/p>\n","protected":false},"excerpt":{"rendered":"<p>Alejandro \u00c1vila Veracruz, Ver.- La peatonalizaci\u00f3n de la avenida Independencia ser\u00e1 positiva en derrama econ\u00f3mica, mencion\u00f3 el presidente del Consejo Metropolitano de Turismo (COMETUR), Sergio Lois Heredia. El empresario record\u00f3 que durante la pandemia se ejecut\u00f3 un programa similar llamado &#8220;Independencia Peatonal&#8221;, mismo que atrajo al turismo y dej\u00f3 grandes dividendos a los comercios del [&hellip;]<\/p>\n","protected":false},"author":2476,"featured_media":56528,"comment_status":"open","ping_status":"open","sticky":false,"template":"","format":"standard","meta":{"_jetpack_memberships_contains_paid_content":false,"footnotes":""},"categories":[2],"tags":[],"class_list":["post-56527","post","type-post","status-publish","format-standard","has-post-thumbnail","hentry","category-estado"],"jetpack_featured_media_url":"https:\/\/encuentroinformativo.com.mx\/wp-content\/uploads\/2024\/07\/IMG-20240711-WA0019.jpg","jetpack_sharing_enabled":true,"jetpack_likes_enabled":true,"amp_enabled":true,"_links":{"self":[{"href":"https:\/\/encuentroinformativo.com.mx\/index.php?rest_route=\/wp\/v2\/posts\/56527","targetHints":{"allow":["GET"]}}],"collection":[{"href":"https:\/\/encuentroinformativo.com.mx\/index.php?rest_route=\/wp\/v2\/posts"}],"about":[{"href":"https:\/\/encuentroinformativo.com.mx\/index.php?rest_route=\/wp\/v2\/types\/post"}],"author":[{"embeddable":true,"href":"https:\/\/encuentroinformativo.com.mx\/index.php?rest_route=\/wp\/v2\/users\/2476"}],"replies":[{"embeddable":true,"href":"https:\/\/encuentroinformativo.com.mx\/index.php?rest_route=%2Fwp%2Fv2%2Fcomments&post=56527"}],"version-history":[{"count":1,"href":"https:\/\/encuentroinformativo.com.mx\/index.php?rest_route=\/wp\/v2\/posts\/56527\/revisions"}],"predecessor-version":[{"id":56529,"href":"https:\/\/encuentroinformativo.com.mx\/index.php?rest_route=\/wp\/v2\/posts\/56527\/revisions\/56529"}],"wp:featuredmedia":[{"embeddable":true,"href":"https:\/\/encuentroinformativo.com.mx\/index.php?rest_route=\/wp\/v2\/media\/56528"}],"wp:attachment":[{"href":"https:\/\/encuentroinformativo.com.mx\/index.php?rest_route=%2Fwp%2Fv2%2Fmedia&parent=56527"}],"wp:term":[{"taxonomy":"category","embeddable":true,"href":"https:\/\/encuentroinformativo.com.mx\/index.php?rest_route=%2Fwp%2Fv2%2Fcategories&post=56527"},{"taxonomy":"post_tag","embeddable":true,"href":"https:\/\/encuentroinformativo.com.mx\/index.php?rest_route=%2Fwp%2Fv2%2Ftags&post=56527"}],"curies":[{"name":"wp","href":"https:\/\/api.w.org\/{rel}","templated":true}]}}