{"id":56530,"date":"2024-07-11T12:33:45","date_gmt":"2024-07-11T18:33:45","guid":{"rendered":"https:\/\/encuentroinformativo.com.mx\/?p=56530"},"modified":"2024-07-11T12:33:52","modified_gmt":"2024-07-11T18:33:52","slug":"de-espana-mexico-y-estados-unidos-buscan-libro-de-oraciones-infernales","status":"publish","type":"post","link":"https:\/\/encuentroinformativo.com.mx\/?p=56530","title":{"rendered":"De Espa\u00f1a, M\u00e9xico y Estados Unidos buscan libro de Oraciones Infernales"},"content":{"rendered":"\n<p><strong>Alejandro \u00c1vila<\/strong><\/p>\n\n\n\n<p>Veracruz, Ver.- A petici\u00f3n de sus seguidores el Obispo Negro reeditar\u00e1 su libro de Oraciones Infernales, debido a que en su primera edici\u00f3n los ejemplares se acabaron casi de forma inmediata.<\/p>\n\n\n\n<p>Rogelio Hern\u00e1ndez &#8220;Obispo Negro de Veracruz&#8221; mencion\u00f3 que en su primera edici\u00f3n se sacaron mil ejemplares los cuales se vendieron r\u00e1pidamente y ahora sus seguidores le piden una copia de este texto.<\/p>\n\n\n\n<p>&#8220;Es para que todos los hermanos tengan la dicha de acercarse a mi Padre y sepan c\u00f3mo comunicarse con \u00e9l (\u2026) en este momento todav\u00eda no hay, vamos a volver a sacar esta edici\u00f3n, y pr\u00f3ximamente se va a sacar la segunda edici\u00f3n de este mismo libro, pero ahorita ya estamos a puerta de sacar otros mil ejemplares m\u00e1s para la gente que lo ha estado buscando, porque s\u00ed much\u00edsima gente lo ha estado buscando de Estados Unidos, de M\u00e9xico e inclusive tambi\u00e9n de Espa\u00f1a&#8221;, expres\u00f3.<\/p>\n\n\n\n<p>El Obispo Negro de Veracruz mencion\u00f3 que a finales del mes de julio ya se encontrar\u00e1 el libro nuevamente a disposici\u00f3n para que los interesados lo puedan adquirir; se espera que en esta reedici\u00f3n se puedan vender m\u00e1s de tres mil ejemplares<\/p>\n","protected":false},"excerpt":{"rendered":"<p>Alejandro \u00c1vila Veracruz, Ver.- A petici\u00f3n de sus seguidores el Obispo Negro reeditar\u00e1 su libro de Oraciones Infernales, debido a que en su primera edici\u00f3n los ejemplares se acabaron casi de forma inmediata. Rogelio Hern\u00e1ndez &#8220;Obispo Negro de Veracruz&#8221; mencion\u00f3 que en su primera edici\u00f3n se sacaron mil ejemplares los cuales se vendieron r\u00e1pidamente y [&hellip;]<\/p>\n","protected":false},"author":2476,"featured_media":56531,"comment_status":"open","ping_status":"open","sticky":false,"template":"","format":"standard","meta":{"_jetpack_memberships_contains_paid_content":false,"footnotes":""},"categories":[2],"tags":[],"class_list":["post-56530","post","type-post","status-publish","format-standard","has-post-thumbnail","hentry","category-estado"],"jetpack_featured_media_url":"https:\/\/encuentroinformativo.com.mx\/wp-content\/uploads\/2024\/07\/IMG-20240711-WA0039.jpg","jetpack_sharing_enabled":true,"jetpack_likes_enabled":true,"amp_enabled":true,"_links":{"self":[{"href":"https:\/\/encuentroinformativo.com.mx\/index.php?rest_route=\/wp\/v2\/posts\/56530","targetHints":{"allow":["GET"]}}],"collection":[{"href":"https:\/\/encuentroinformativo.com.mx\/index.php?rest_route=\/wp\/v2\/posts"}],"about":[{"href":"https:\/\/encuentroinformativo.com.mx\/index.php?rest_route=\/wp\/v2\/types\/post"}],"author":[{"embeddable":true,"href":"https:\/\/encuentroinformativo.com.mx\/index.php?rest_route=\/wp\/v2\/users\/2476"}],"replies":[{"embeddable":true,"href":"https:\/\/encuentroinformativo.com.mx\/index.php?rest_route=%2Fwp%2Fv2%2Fcomments&post=56530"}],"version-history":[{"count":1,"href":"https:\/\/encuentroinformativo.com.mx\/index.php?rest_route=\/wp\/v2\/posts\/56530\/revisions"}],"predecessor-version":[{"id":56532,"href":"https:\/\/encuentroinformativo.com.mx\/index.php?rest_route=\/wp\/v2\/posts\/56530\/revisions\/56532"}],"wp:featuredmedia":[{"embeddable":true,"href":"https:\/\/encuentroinformativo.com.mx\/index.php?rest_route=\/wp\/v2\/media\/56531"}],"wp:attachment":[{"href":"https:\/\/encuentroinformativo.com.mx\/index.php?rest_route=%2Fwp%2Fv2%2Fmedia&parent=56530"}],"wp:term":[{"taxonomy":"category","embeddable":true,"href":"https:\/\/encuentroinformativo.com.mx\/index.php?rest_route=%2Fwp%2Fv2%2Fcategories&post=56530"},{"taxonomy":"post_tag","embeddable":true,"href":"https:\/\/encuentroinformativo.com.mx\/index.php?rest_route=%2Fwp%2Fv2%2Ftags&post=56530"}],"curies":[{"name":"wp","href":"https:\/\/api.w.org\/{rel}","templated":true}]}}