{"id":56533,"date":"2024-07-11T12:37:52","date_gmt":"2024-07-11T18:37:52","guid":{"rendered":"https:\/\/encuentroinformativo.com.mx\/?p=56533"},"modified":"2024-07-11T12:38:02","modified_gmt":"2024-07-11T18:38:02","slug":"jubilados-reanudan-marchas-y-protestas","status":"publish","type":"post","link":"https:\/\/encuentroinformativo.com.mx\/?p=56533","title":{"rendered":"Jubilados reanudan marchas y protestas"},"content":{"rendered":"\n<p><strong>Juan Arcos <\/strong><\/p>\n\n\n\n<p>Xalapa, Ver.- Jubilados del sistema federal retomaron las manifestaciones en la ciudad de Xalapa y marcharon este jueves para exigir a las autoridades la renovaci\u00f3n de una p\u00f3liza, pues carecen de seguro de vida desde noviembre de 2021.<\/p>\n\n\n\n<p>Se trata de integrantes de la Agrupaci\u00f3n Estatal de Jubilados y Pensionados del ISSSTE (Ajupiv), quienes marcharon sobre la calle Francisco Javier Clavijero y luego se plantaron sobre la calle Juan de la Luz Enr\u00edquez, impidiendo la circulaci\u00f3n vehicular.<\/p>\n\n\n\n<p>De acuerdo con Calixto Azuara Mendivil, uno de los asociados fundadores de la Ajupiv, se habla de m\u00e1s de 30 mil docentes jubilados del sistema federalizado afectados por la falta de una p\u00f3liza para el seguro de vida.<\/p>\n\n\n\n<p>El entrevistado declar\u00f3 que la cancelaci\u00f3n del pago a una empresa aseguradora podr\u00eda considerarse un delito, pues se desconoce el paradero del dinero que se descuenta cada mes a los jubilados por dicho concepto.<\/p>\n\n\n\n<p>En marzo pasado se reunieron con algunas autoridades estatales, donde se comprometieron a atender sus peticiones a m\u00e1s tardar en abril; sin embargo, han pasado varios meses y a la fecha no han cumplido.<\/p>\n\n\n\n<p>\u201cEs una acci\u00f3n omisa que afecta a los familiares de pensionados fallecidos, por lo que pudieran configurarse delitos de car\u00e1cter penal, entre otros: malversaci\u00f3n de recursos federales, incumplimiento de un deber legal, violaci\u00f3n del derecho humano a la seguridad social\u201d, increparon.<\/p>\n\n\n\n<p>Los adultos mayores tambi\u00e9n demandaron el pago de p\u00f3lizas no cubiertas a\u00fan a familiares de jubilados fallecidos durante el periodo de 2010 a 2016.<\/p>\n\n\n\n<p>\u201cPor estas razones regresamos a las calles de la ciudad y a la plaza Lerdo, despu\u00e9s de haber sido otra vez objeto de enga\u00f1o\u201d, exclamaron.<\/p>\n\n\n\n<p>Hace unas semanas, falleci\u00f3 una asociada, fundadora de Ajupiv, y, los familiares han iniciado una \u201cfrustrante\u201d gesti\u00f3n de pago del seguro de vida, que no puede ser pagado porque los recursos que recibe el Gobierno del Estado de Veracruz de parte de la Federaci\u00f3n no son empleados para este prop\u00f3sito.<\/p>\n\n\n\n<p>Los jubilados regresar\u00e1n cada jueves a la plaza p\u00fablica para que las nuevas autoridades estatales, que entrar\u00e1n en funciones en diciembre pr\u00f3ximo conozcan la problem\u00e1tica.<\/p>\n\n\n\n<p>\u201cUna de nuestras principales tareas a partir de esta fecha, adem\u00e1s de estar cada jueves en la plaza Lerdo, ser\u00e1 hacer saber a la pr\u00f3xima gobernadora, y a la pr\u00f3xima secretaria de educaci\u00f3n, que revisen el destino que le han dado a estos recursos desde ahora, por el inicio de la entrega recepci\u00f3n como fase previa del cambio de Gobierno en el Estado de Veracruz\u201d, remataron.<\/p>\n\n\n\n<figure class=\"wp-block-image size-large\"><img loading=\"lazy\" decoding=\"async\" width=\"1024\" height=\"768\" src=\"https:\/\/encuentroinformativo.com.mx\/wp-content\/uploads\/2024\/07\/1000340676-1024x768.jpg\" alt=\"\" class=\"wp-image-56536\" srcset=\"https:\/\/encuentroinformativo.com.mx\/wp-content\/uploads\/2024\/07\/1000340676-1024x768.jpg 1024w, https:\/\/encuentroinformativo.com.mx\/wp-content\/uploads\/2024\/07\/1000340676-300x225.jpg 300w, https:\/\/encuentroinformativo.com.mx\/wp-content\/uploads\/2024\/07\/1000340676-768x576.jpg 768w, https:\/\/encuentroinformativo.com.mx\/wp-content\/uploads\/2024\/07\/1000340676-1536x1152.jpg 1536w, https:\/\/encuentroinformativo.com.mx\/wp-content\/uploads\/2024\/07\/1000340676.jpg 2016w\" sizes=\"auto, (max-width: 1024px) 100vw, 1024px\" \/><\/figure>\n","protected":false},"excerpt":{"rendered":"<p>Juan Arcos Xalapa, Ver.- Jubilados del sistema federal retomaron las manifestaciones en la ciudad de Xalapa y marcharon este jueves para exigir a las autoridades la renovaci\u00f3n de una p\u00f3liza, pues carecen de seguro de vida desde noviembre de 2021. Se trata de integrantes de la Agrupaci\u00f3n Estatal de Jubilados y Pensionados del ISSSTE (Ajupiv), [&hellip;]<\/p>\n","protected":false},"author":2476,"featured_media":56535,"comment_status":"open","ping_status":"open","sticky":false,"template":"","format":"standard","meta":{"_jetpack_memberships_contains_paid_content":false,"footnotes":""},"categories":[3],"tags":[],"class_list":["post-56533","post","type-post","status-publish","format-standard","has-post-thumbnail","hentry","category-xalapa"],"jetpack_featured_media_url":"https:\/\/encuentroinformativo.com.mx\/wp-content\/uploads\/2024\/07\/IMG_1180.jpg","jetpack_sharing_enabled":true,"jetpack_likes_enabled":true,"amp_enabled":true,"_links":{"self":[{"href":"https:\/\/encuentroinformativo.com.mx\/index.php?rest_route=\/wp\/v2\/posts\/56533","targetHints":{"allow":["GET"]}}],"collection":[{"href":"https:\/\/encuentroinformativo.com.mx\/index.php?rest_route=\/wp\/v2\/posts"}],"about":[{"href":"https:\/\/encuentroinformativo.com.mx\/index.php?rest_route=\/wp\/v2\/types\/post"}],"author":[{"embeddable":true,"href":"https:\/\/encuentroinformativo.com.mx\/index.php?rest_route=\/wp\/v2\/users\/2476"}],"replies":[{"embeddable":true,"href":"https:\/\/encuentroinformativo.com.mx\/index.php?rest_route=%2Fwp%2Fv2%2Fcomments&post=56533"}],"version-history":[{"count":1,"href":"https:\/\/encuentroinformativo.com.mx\/index.php?rest_route=\/wp\/v2\/posts\/56533\/revisions"}],"predecessor-version":[{"id":56537,"href":"https:\/\/encuentroinformativo.com.mx\/index.php?rest_route=\/wp\/v2\/posts\/56533\/revisions\/56537"}],"wp:featuredmedia":[{"embeddable":true,"href":"https:\/\/encuentroinformativo.com.mx\/index.php?rest_route=\/wp\/v2\/media\/56535"}],"wp:attachment":[{"href":"https:\/\/encuentroinformativo.com.mx\/index.php?rest_route=%2Fwp%2Fv2%2Fmedia&parent=56533"}],"wp:term":[{"taxonomy":"category","embeddable":true,"href":"https:\/\/encuentroinformativo.com.mx\/index.php?rest_route=%2Fwp%2Fv2%2Fcategories&post=56533"},{"taxonomy":"post_tag","embeddable":true,"href":"https:\/\/encuentroinformativo.com.mx\/index.php?rest_route=%2Fwp%2Fv2%2Ftags&post=56533"}],"curies":[{"name":"wp","href":"https:\/\/api.w.org\/{rel}","templated":true}]}}