{"id":56547,"date":"2024-07-11T13:17:13","date_gmt":"2024-07-11T19:17:13","guid":{"rendered":"https:\/\/encuentroinformativo.com.mx\/?p=56547"},"modified":"2024-07-11T13:17:23","modified_gmt":"2024-07-11T19:17:23","slug":"paro-de-labores-de-personal-de-limpia-publica-de-medellin-de-bravo","status":"publish","type":"post","link":"https:\/\/encuentroinformativo.com.mx\/?p=56547","title":{"rendered":"Paro de labores de personal de Limpia P\u00fablica de Medell\u00edn de Bravo"},"content":{"rendered":"\n<p><strong>Alejandro \u00c1vila<\/strong><\/p>\n\n\n\n<p>Medell\u00edn de Bravo, Ver.- Personal del \u00e1rea de Limpia P\u00fablica adherido al Sindicato de Empleados Municipales del municipio de Medell\u00edn de Bravo inici\u00f3 este jueves un paro de labores debido a inconformidades con la nueva directora.<\/p>\n\n\n\n<p>Pedro Santos detall\u00f3 que este mi\u00e9rcoles por la tarde fue presentada Marha Jim\u00e9nez como nueva directora del \u00e1rea de Limpia P\u00fablica, sin embargo, lejos de intentar hacer equipo, en sus primeras palabras fue amenazante y desafiante con los empleados.<\/p>\n\n\n\n<p>&#8220;En lugar de llegar a trabajar en equipo con todos los compa\u00f1eros y con todo el personal, pues llega la se\u00f1ora amedrentar, a amenazar y a hostigar a los compa\u00f1eros amenaz\u00e1ndolos de que viene a volar cabezas y todo lo dem\u00e1s, pues los compa\u00f1eros se inconforman porque ellos desde el inicio de la administraci\u00f3n han trabajado, han estado dispuestos a trabajar a\u00fan con el incumplimiento o las violaciones a nuestras condiciones generales de trabajo, a no tener el material necesario para hacer su trabajo, salen en este tiempo baj\u00f3 las inclemencias del clima a recolectar basura sin impermeable, sin botas, sin guantes y al fin ellos tambi\u00e9n tratan con residuos peligrosos y con material que los puede punzar qu\u00e9 los puede cortar&#8221;, explic\u00f3.<\/p>\n\n\n\n<p>Los inconformes aseguraron estar dispuestos a renovar sus labores siempre y cuando haya un di\u00e1logo previo con el personal administrativo del Ayuntamiento de Medell\u00edn de Bravo para solucionar los problemas.<\/p>\n\n\n\n<p>&#8220;Hasta el d\u00eda de hoy, hasta el momento son 12: 15 del d\u00eda, ninguna autoridad municipal nos ha dado la cara, han llegado regidores, la sindica, el secretario del Ayuntamiento, nadie lo sabe lo de la cara, y mucho menos, al contrario, est\u00e1 la se\u00f1ora Martha Jim\u00e9nez, que es la nueva directora de Limpia P\u00fablica, difundiendo audios donde incita a la violencia, incita a la gente, a los Jefes de Manzana a manifestarse para quitar a los compa\u00f1eros a la fuerza&#8221;, mencion\u00f3.<\/p>\n","protected":false},"excerpt":{"rendered":"<p>Alejandro \u00c1vila Medell\u00edn de Bravo, Ver.- Personal del \u00e1rea de Limpia P\u00fablica adherido al Sindicato de Empleados Municipales del municipio de Medell\u00edn de Bravo inici\u00f3 este jueves un paro de labores debido a inconformidades con la nueva directora. Pedro Santos detall\u00f3 que este mi\u00e9rcoles por la tarde fue presentada Marha Jim\u00e9nez como nueva directora del [&hellip;]<\/p>\n","protected":false},"author":2476,"featured_media":56548,"comment_status":"open","ping_status":"open","sticky":false,"template":"","format":"standard","meta":{"_jetpack_memberships_contains_paid_content":false,"footnotes":""},"categories":[2],"tags":[],"class_list":["post-56547","post","type-post","status-publish","format-standard","has-post-thumbnail","hentry","category-estado"],"jetpack_featured_media_url":"https:\/\/encuentroinformativo.com.mx\/wp-content\/uploads\/2024\/07\/IMG-20240711-WA00552.jpg","jetpack_sharing_enabled":true,"jetpack_likes_enabled":true,"amp_enabled":true,"_links":{"self":[{"href":"https:\/\/encuentroinformativo.com.mx\/index.php?rest_route=\/wp\/v2\/posts\/56547","targetHints":{"allow":["GET"]}}],"collection":[{"href":"https:\/\/encuentroinformativo.com.mx\/index.php?rest_route=\/wp\/v2\/posts"}],"about":[{"href":"https:\/\/encuentroinformativo.com.mx\/index.php?rest_route=\/wp\/v2\/types\/post"}],"author":[{"embeddable":true,"href":"https:\/\/encuentroinformativo.com.mx\/index.php?rest_route=\/wp\/v2\/users\/2476"}],"replies":[{"embeddable":true,"href":"https:\/\/encuentroinformativo.com.mx\/index.php?rest_route=%2Fwp%2Fv2%2Fcomments&post=56547"}],"version-history":[{"count":1,"href":"https:\/\/encuentroinformativo.com.mx\/index.php?rest_route=\/wp\/v2\/posts\/56547\/revisions"}],"predecessor-version":[{"id":56549,"href":"https:\/\/encuentroinformativo.com.mx\/index.php?rest_route=\/wp\/v2\/posts\/56547\/revisions\/56549"}],"wp:featuredmedia":[{"embeddable":true,"href":"https:\/\/encuentroinformativo.com.mx\/index.php?rest_route=\/wp\/v2\/media\/56548"}],"wp:attachment":[{"href":"https:\/\/encuentroinformativo.com.mx\/index.php?rest_route=%2Fwp%2Fv2%2Fmedia&parent=56547"}],"wp:term":[{"taxonomy":"category","embeddable":true,"href":"https:\/\/encuentroinformativo.com.mx\/index.php?rest_route=%2Fwp%2Fv2%2Fcategories&post=56547"},{"taxonomy":"post_tag","embeddable":true,"href":"https:\/\/encuentroinformativo.com.mx\/index.php?rest_route=%2Fwp%2Fv2%2Ftags&post=56547"}],"curies":[{"name":"wp","href":"https:\/\/api.w.org\/{rel}","templated":true}]}}