{"id":56562,"date":"2024-07-11T21:33:46","date_gmt":"2024-07-12T03:33:46","guid":{"rendered":"https:\/\/encuentroinformativo.com.mx\/?p=56562"},"modified":"2024-07-11T21:33:54","modified_gmt":"2024-07-12T03:33:54","slug":"trabajadores-de-poder-judicial-federal-realizan-protesta-silenciosa","status":"publish","type":"post","link":"https:\/\/encuentroinformativo.com.mx\/?p=56562","title":{"rendered":"Trabajadores de Poder Judicial federal realizan &#8220;protesta silenciosa&#8221;"},"content":{"rendered":"\n<p><strong>Dar\u00edo Pale <\/strong><\/p>\n\n\n\n<p>Xalapa, Ver.- Marisol Barajas Cruz, magistrada de circuito en Xalapa, Segundo Tribunal Auxiliar, dijo que hay preocupaci\u00f3n por las reformas que se pretenden realizar al Poder Judicial, por lo que se manifestaron a las afueras de las oficinas ubicadas en Arco Sur.<\/p>\n\n\n\n<p>Por lo que vestidos de blanco y con veladoras, magistrados y trabajadores del Poder Judicial federal realizaron una manifestaci\u00f3n silenciosa pac\u00edfica portando lonas con la leyenda &#8220;Salvemos la carrera Judicial&#8221;.<\/p>\n\n\n\n<p>Entrevistada durante la manifestaci\u00f3n se\u00f1al\u00f3 que, &#8220;esto que est\u00e1n viendo ac\u00e1 es una manifestaci\u00f3n silenciosa, pac\u00edfica, \u00fanicamente para dar a conocer que estamos preocupados, estamos realmente consternados y tratando de visibilizar la carrera judicial&#8221;.<\/p>\n\n\n\n<p>Expuso que desgraciadamente se ha manejado en el discurso como el darle la legitimaci\u00f3n al pueblo, para que el pueblo elija a sus jueces, &#8220;pero a esto voy, o sea, la misma log\u00edstica no permite hacer una elecci\u00f3n como as\u00ed lo es para el Poder Ejecutivo y para el Poder Legislativo, donde son menos personas y se puede analizar sus perfiles&#8221;.\u00a0<\/p>\n\n\n\n<p>Plantearon que en el Foro informativo de la Reforma al Poder Judicial que se llevar\u00e1 a cabo ma\u00f1ana en el edificio Tribunal Superior de Justicia organizado por el Congreso Federal, estar\u00e1n presentes algunos de ellos quienes esperan tener la oportunidad de hacer sus planteamientos de manera libre.<\/p>\n\n\n\n<p>Explic\u00f3 que la carrera judicial garantiza que quienes est\u00e1n de jueces o de magistrados, es porque van pasando ex\u00e1menes en la instituci\u00f3n, y eso es una certeza de que al menos los que est\u00e1n llegando tienen los conocimientos para ocupar los cargos.<\/p>\n\n\n\n<p>&#8220;Yo no digo que los que vengan de fuera no puedan tenerlo, pero aqu\u00ed se empieza a aprender a ser juez desde el escal\u00f3n m\u00e1s bajo, entonces es muy valioso. Y eso va de la mano con la independencia judicial que necesitamos como pueblo mexicano, necesitamos jueces independientes, jueces que sepamos, que se vayan formando y sepan que pueden llegar sin pedirle nada a nadie, que \u00fanicamente su esfuerzo, su dedicaci\u00f3n los va a llevar a ser jueces para servir a M\u00e9xico&#8221;, coment\u00f3.<\/p>\n\n\n\n<p>Expuso que ellos est\u00e1n del lado de los mexicanos, y que es necesario hacer eco para que la reforma que se vaya a hacer, de verdad resuelva los problemas de la sociedad.\u00a0<\/p>\n\n\n\n<p>Reconoci\u00f3 que hay un reclamo social que es real y es v\u00e1lido, pues la poblaci\u00f3n necesita mejor justicia, \u00a0m\u00e1s r\u00e1pida y gratuita.<\/p>\n\n\n\n<p>&#8220;Que no anden pidiendo dinero ninguna autoridad para hacer su trabajo. El Poder Judicial Federal de verdad nos dedicamos a proteger esos derechos, a revisar lo que hacen las autoridades, y si violan los derechos de alguien, nosotros tenemos la facultad de ayudarnos. Entonces, ay\u00fadennos a hacer esto visible, de verdad es importante, no es por nosotros. Nosotros s\u00ed podremos perder nuestro cargo, pero la sociedad mexicana pierde muchos a\u00f1os de profesionalizaci\u00f3n&#8221;, se\u00f1al\u00f3.<\/p>\n\n\n\n<p>Consider\u00f3 que con las reformas en lugar de profesionalizar m\u00e1s, se est\u00e1 politizando el tema por lo que si bien hay cosas que mejorar se requiere primero de un diagn\u00f3stico para poder corregir.<\/p>\n\n\n\n<p>Finalmente dieron a conocer: &#8220;\u00bfHay cosas que se pueden mejorar en la instituci\u00f3n? S\u00ed, pues vamos primero a diagnosticarlas y despu\u00e9s, claro que s\u00ed, a corregirlas, pero no quitando de tajo a mil 700 jueces. No es cierto que la gente va a elegirlos porque se consideran m\u00e1s justos, somos muchos, entonces, m\u00e1s de doscientas personas en una lista, en una boleta, \u00bfc\u00f3mo van a conocer los perfiles de todos? O sea, no es porque la gente no sepa, es porque es casi imposible estudiar los perfiles de tantas personas para decidir qui\u00e9nes son los m\u00e1s justos&#8221;.<\/p>\n\n\n\n<figure class=\"wp-block-image size-large\"><img loading=\"lazy\" decoding=\"async\" width=\"1024\" height=\"576\" src=\"https:\/\/encuentroinformativo.com.mx\/wp-content\/uploads\/2024\/07\/1000341178-1024x576.jpg\" alt=\"\" class=\"wp-image-56564\" srcset=\"https:\/\/encuentroinformativo.com.mx\/wp-content\/uploads\/2024\/07\/1000341178-1024x576.jpg 1024w, https:\/\/encuentroinformativo.com.mx\/wp-content\/uploads\/2024\/07\/1000341178-300x169.jpg 300w, https:\/\/encuentroinformativo.com.mx\/wp-content\/uploads\/2024\/07\/1000341178-768x432.jpg 768w, https:\/\/encuentroinformativo.com.mx\/wp-content\/uploads\/2024\/07\/1000341178-1536x864.jpg 1536w, https:\/\/encuentroinformativo.com.mx\/wp-content\/uploads\/2024\/07\/1000341178.jpg 1600w\" sizes=\"auto, (max-width: 1024px) 100vw, 1024px\" \/><\/figure>\n","protected":false},"excerpt":{"rendered":"<p>Dar\u00edo Pale Xalapa, Ver.- Marisol Barajas Cruz, magistrada de circuito en Xalapa, Segundo Tribunal Auxiliar, dijo que hay preocupaci\u00f3n por las reformas que se pretenden realizar al Poder Judicial, por lo que se manifestaron a las afueras de las oficinas ubicadas en Arco Sur. Por lo que vestidos de blanco y con veladoras, magistrados y [&hellip;]<\/p>\n","protected":false},"author":2476,"featured_media":56563,"comment_status":"open","ping_status":"open","sticky":false,"template":"","format":"standard","meta":{"_jetpack_memberships_contains_paid_content":false,"footnotes":""},"categories":[2],"tags":[],"class_list":["post-56562","post","type-post","status-publish","format-standard","has-post-thumbnail","hentry","category-estado"],"jetpack_featured_media_url":"https:\/\/encuentroinformativo.com.mx\/wp-content\/uploads\/2024\/07\/IMG-20240711-WA0144.jpg","jetpack_sharing_enabled":true,"jetpack_likes_enabled":true,"amp_enabled":true,"_links":{"self":[{"href":"https:\/\/encuentroinformativo.com.mx\/index.php?rest_route=\/wp\/v2\/posts\/56562","targetHints":{"allow":["GET"]}}],"collection":[{"href":"https:\/\/encuentroinformativo.com.mx\/index.php?rest_route=\/wp\/v2\/posts"}],"about":[{"href":"https:\/\/encuentroinformativo.com.mx\/index.php?rest_route=\/wp\/v2\/types\/post"}],"author":[{"embeddable":true,"href":"https:\/\/encuentroinformativo.com.mx\/index.php?rest_route=\/wp\/v2\/users\/2476"}],"replies":[{"embeddable":true,"href":"https:\/\/encuentroinformativo.com.mx\/index.php?rest_route=%2Fwp%2Fv2%2Fcomments&post=56562"}],"version-history":[{"count":1,"href":"https:\/\/encuentroinformativo.com.mx\/index.php?rest_route=\/wp\/v2\/posts\/56562\/revisions"}],"predecessor-version":[{"id":56565,"href":"https:\/\/encuentroinformativo.com.mx\/index.php?rest_route=\/wp\/v2\/posts\/56562\/revisions\/56565"}],"wp:featuredmedia":[{"embeddable":true,"href":"https:\/\/encuentroinformativo.com.mx\/index.php?rest_route=\/wp\/v2\/media\/56563"}],"wp:attachment":[{"href":"https:\/\/encuentroinformativo.com.mx\/index.php?rest_route=%2Fwp%2Fv2%2Fmedia&parent=56562"}],"wp:term":[{"taxonomy":"category","embeddable":true,"href":"https:\/\/encuentroinformativo.com.mx\/index.php?rest_route=%2Fwp%2Fv2%2Fcategories&post=56562"},{"taxonomy":"post_tag","embeddable":true,"href":"https:\/\/encuentroinformativo.com.mx\/index.php?rest_route=%2Fwp%2Fv2%2Ftags&post=56562"}],"curies":[{"name":"wp","href":"https:\/\/api.w.org\/{rel}","templated":true}]}}