{"id":56566,"date":"2024-07-11T21:43:31","date_gmt":"2024-07-12T03:43:31","guid":{"rendered":"https:\/\/encuentroinformativo.com.mx\/?p=56566"},"modified":"2024-07-11T21:43:41","modified_gmt":"2024-07-12T03:43:41","slug":"a-receso-indefinido-audiencia-de-yunes-marquez-fue-actuacion-acusan","status":"publish","type":"post","link":"https:\/\/encuentroinformativo.com.mx\/?p=56566","title":{"rendered":"A receso indefinido audiencia de Yunes M\u00e1rquez; fue actuaci\u00f3n, acusan"},"content":{"rendered":"\n<p><strong>Dar\u00edo Pale <\/strong><\/p>\n\n\n\n<p>Xalapa, Ver.- El representante de Morena ante el OPLE, Gabriel Z\u00fa\u00f1iga Ovando, dio a conocer que la &#8220;actuaci\u00f3n&#8221; de Yunes logr\u00f3 receso de audiencia, sin fecha de reanudaci\u00f3n, se merece el \u00d3scar, la audiencia dur\u00f3 alrededor de seis horas y se tuvieron que ir a receso porque \u00e9l se ten\u00eda que ir al hospital<\/p>\n\n\n\n<p>Entrevistado al salir de los tribunales dijo que la audiencia de imputaci\u00f3n contra el senador electo Miguel \u00c1ngel Yunes M\u00e1rquez, se fue a receso sin que se sepa hasta cu\u00e1ndo se reanudar\u00e1 nuevamente, gracias a sus dotes histri\u00f3nicas.<\/p>\n\n\n\n<p>Supuestamente se puso mal durante la audiencia que se tuvo que trasladar al hospital, esto luego de narrar la &#8220;actuaci\u00f3n&#8221; del panista durante la audiencia virtual.<\/p>\n\n\n\n<p>Por otra parte, el abogado Arturo Salazar manifest\u00f3 que fueron m\u00e1s de seis horas en las que la defensa de Yunes trat\u00f3 de meter diversas incidencias hasta que ya no tuvo m\u00e1s pretextos y entonces dijo que se sent\u00eda muy mal y se fue al hospital.<\/p>\n\n\n\n<p>&#8220;Que le dol\u00eda mucho la espalda, que ya no pod\u00eda comprender, que ya no estaba l\u00facido, cuando horas antes de entrar a audiencia estaba hasta retador de que no le hab\u00edan dado los c\u00f3digos de ingreso para la misma&#8221;, se\u00f1al\u00f3.<\/p>\n\n\n\n<p>Agreg\u00f3 que se trat\u00f3 de una situaci\u00f3n fortuita, pero a Yunes M\u00e1rquez se le ve\u00eda bien, que comprend\u00eda todo y su abogado s\u00f3lo dec\u00eda que no pod\u00eda comprender cognitivamente lo que le conven\u00eda o lo que no.<\/p>\n\n\n\n<p>&#8220;Toda la t\u00e1ctica de la defensa fue dilatoria para que no se pudiera imputar, seis horas perdimos en algo que era no poder imputar&#8221;, coment\u00f3.<\/p>\n\n\n\n<p>La nueva fecha de continuaci\u00f3n de la audiencia de este jueves no depender\u00e1 ni de la autoridad jurisdiccional ni de la Fiscal\u00eda, sino hasta que se corrobore su estado de salud y se pueda reanudar.<\/p>\n\n\n\n<p>Arturo Salazar abund\u00f3 que entonces tanto la Fiscal\u00eda como el Poder Judicial deber\u00e1n corroborar el estado de salud de Yunes M\u00e1rquez para fijar una nueva fecha de la continuaci\u00f3n de la audiencia, &#8220;Al final de cuentas se merece un \u00d3scar&#8221;, expres\u00f3.<\/p>\n\n\n\n<p>Z\u00fa\u00f1iga Ovando revel\u00f3 que existe la versi\u00f3n de que el senador electo se habr\u00eda ido manejando hasta el Paso Tejas, &#8220;La informaci\u00f3n que tenemos es que cruz\u00f3 por la aduana de Nuevo Laredo&#8221;.<\/p>\n\n\n\n<p>Finalmente los abogados indicaron que si bien es cierto Yunes ha acreditado que m\u00e9dicamente est\u00e1 imposibilitado, el argumento es desde el punto de vista cognitivo, no por un dolor de espalda.<\/p>\n","protected":false},"excerpt":{"rendered":"<p>Dar\u00edo Pale Xalapa, Ver.- El representante de Morena ante el OPLE, Gabriel Z\u00fa\u00f1iga Ovando, dio a conocer que la &#8220;actuaci\u00f3n&#8221; de Yunes logr\u00f3 receso de audiencia, sin fecha de reanudaci\u00f3n, se merece el \u00d3scar, la audiencia dur\u00f3 alrededor de seis horas y se tuvieron que ir a receso porque \u00e9l se ten\u00eda que ir al [&hellip;]<\/p>\n","protected":false},"author":2476,"featured_media":56567,"comment_status":"open","ping_status":"open","sticky":false,"template":"","format":"standard","meta":{"_jetpack_memberships_contains_paid_content":false,"footnotes":""},"categories":[2],"tags":[],"class_list":["post-56566","post","type-post","status-publish","format-standard","has-post-thumbnail","hentry","category-estado"],"jetpack_featured_media_url":"https:\/\/encuentroinformativo.com.mx\/wp-content\/uploads\/2024\/07\/IMG-20240711-WA0149.jpg","jetpack_sharing_enabled":true,"jetpack_likes_enabled":true,"amp_enabled":true,"_links":{"self":[{"href":"https:\/\/encuentroinformativo.com.mx\/index.php?rest_route=\/wp\/v2\/posts\/56566","targetHints":{"allow":["GET"]}}],"collection":[{"href":"https:\/\/encuentroinformativo.com.mx\/index.php?rest_route=\/wp\/v2\/posts"}],"about":[{"href":"https:\/\/encuentroinformativo.com.mx\/index.php?rest_route=\/wp\/v2\/types\/post"}],"author":[{"embeddable":true,"href":"https:\/\/encuentroinformativo.com.mx\/index.php?rest_route=\/wp\/v2\/users\/2476"}],"replies":[{"embeddable":true,"href":"https:\/\/encuentroinformativo.com.mx\/index.php?rest_route=%2Fwp%2Fv2%2Fcomments&post=56566"}],"version-history":[{"count":1,"href":"https:\/\/encuentroinformativo.com.mx\/index.php?rest_route=\/wp\/v2\/posts\/56566\/revisions"}],"predecessor-version":[{"id":56568,"href":"https:\/\/encuentroinformativo.com.mx\/index.php?rest_route=\/wp\/v2\/posts\/56566\/revisions\/56568"}],"wp:featuredmedia":[{"embeddable":true,"href":"https:\/\/encuentroinformativo.com.mx\/index.php?rest_route=\/wp\/v2\/media\/56567"}],"wp:attachment":[{"href":"https:\/\/encuentroinformativo.com.mx\/index.php?rest_route=%2Fwp%2Fv2%2Fmedia&parent=56566"}],"wp:term":[{"taxonomy":"category","embeddable":true,"href":"https:\/\/encuentroinformativo.com.mx\/index.php?rest_route=%2Fwp%2Fv2%2Fcategories&post=56566"},{"taxonomy":"post_tag","embeddable":true,"href":"https:\/\/encuentroinformativo.com.mx\/index.php?rest_route=%2Fwp%2Fv2%2Ftags&post=56566"}],"curies":[{"name":"wp","href":"https:\/\/api.w.org\/{rel}","templated":true}]}}