{"id":56569,"date":"2024-07-12T09:38:33","date_gmt":"2024-07-12T15:38:33","guid":{"rendered":"https:\/\/encuentroinformativo.com.mx\/?p=56569"},"modified":"2024-07-12T09:38:40","modified_gmt":"2024-07-12T15:38:40","slug":"chiquiyunes-politica-y-ley","status":"publish","type":"post","link":"https:\/\/encuentroinformativo.com.mx\/?p=56569","title":{"rendered":"CHIQUIYUNES: POL\u00cdTICA Y LEY"},"content":{"rendered":"\n<p><strong>Los Pol\u00edticos<\/strong><\/p>\n\n\n\n<p><strong>Salvador Mu\u00f1oz<\/strong><\/p>\n\n\n\n<p>Del 2015 a la fecha, los veracruzanos hemos sido testigos de c\u00f3mo la Pol\u00edtica tom\u00f3 de la mano a la Ley y empezaron a caminar juntos\u2026 bueno, m\u00e1s que caminar, \u00a1a corretear juntos a cuanto hijo de vecino se atraves\u00f3 en su camino!<\/p>\n\n\n\n<p>Hablamos de Pol\u00edtica y Ley porque los perseguidos fueron actores pol\u00edticos, empezando por el que recuerdo de inmediato: Javier Duarte de Ochoa.<\/p>\n\n\n\n<p>Lo curioso en el asunto del ex gobernador de extracci\u00f3n pri\u00edsta, es que sus primeros persecutores fueron los que lo encumbraron como parte de esa camada de j\u00f3venes pol\u00edticos \u201cplus ultra\u201d.<\/p>\n\n\n\n<p>Que se haya actuado conforme a derecho o por lo que llaman hoy \u201cPersecuci\u00f3n Pol\u00edtica\u201d es un asunto que compete a las autoridades judiciales dirimirlo.<\/p>\n\n\n\n<p>Recuerdan c\u00f3mo fue el primer d\u00eda de campa\u00f1a de Miguel \u00c1ngel Yunes Linares? Interponiendo una denuncia contra Javier Duarte, precisamente. Y una vez en el poder, inici\u00f3 la cacer\u00eda de duartistas, la moda de trajes naranja al por mayor y Pacho, como \u201cdestino tur\u00edstico\u201d.<\/p>\n\n\n\n<p>Con Cuitl\u00e1huac se desencaden\u00f3 otra serie de persecuciones contra pol\u00edticos, quiz\u00e1s siendo los m\u00e1s destacados los casos de Rogelio Franco Cast\u00e1n y Tito Delf\u00edn\u2026 un perredista y un panista\u2026 dos yunistas.<\/p>\n\n\n\n<p>Recuerdan c\u00f3mo inici\u00f3 Pepe Yunes su campa\u00f1a para Gobernador? Denunciando a Roc\u00edo Nahle ante la FGR sustentado en las acusaciones del empresario Arturo Castagn\u00e9, quien por cierto, fue demandado por Roc\u00edo Nahle por 100 millones de pesos por la campa\u00f1a de lo que ella llam\u00f3, de Difamaciones, Calumnias, Mentiras y Discriminaci\u00f3n.<\/p>\n\n\n\n<p>Y si bien, no inicia la administraci\u00f3n de Roc\u00edo Nahle, hoy Miguel \u00c1ngel Yunes M\u00e1rquez acusa \u201cPersecuci\u00f3n Pol\u00edtica\u201d por parte de Morena en aras de impedirle que llegue al Senado\u2026<\/p>\n\n\n\n<p>En el caso de Rogelio Franco y Tito Delf\u00edn, hay que recalcar que de un modo u otro, esta relaci\u00f3n Pol\u00edtica y Ley, les impidi\u00f3 que tomaran posesi\u00f3n de sus cargos respectivos\u2026 uno, diputado federal; el otro, dirigente estatal del PAN.<\/p>\n\n\n\n<p>La pregunta es: Chiquiyunes podr\u00e1 rendir protesta este primero de septiembre como Senador de la Rep\u00fablica con estos antecedentes?<\/p>\n\n\n\n<p>Tambi\u00e9n habr\u00e1 que preguntar c\u00f3mo van la denuncia y demanda que interpusieron por separado Arturo Castagn\u00e9 y Roc\u00edo Nahle.<\/p>\n\n\n\n<p>Igual es justo aclarar que si bien, la Pol\u00edtica morenista ha hincado sus dientes contra Chiquiyunes, al menos en lo que aparenta, con PatyYu Lobeira, no\u2026 fue invitada en la reciente reuni\u00f3n que hubo en el Aquarium al lado del titular de la PMA, Sergio Rodr\u00edguez, de los Gobernadores (en funciones y electa), Cuic y Nahle, entre otros funcionarios.<\/p>\n\n\n\n<p>Habr\u00e1 que ver el desenlace de este cap\u00edtulo nuevo que vivimos los veracruzanos cuando la Pol\u00edtica y la Ley van de la mano\u2026 acabar\u00e1 el episodio con Cuitl\u00e1huac\u2026 o habr\u00e1 continuaci\u00f3n con Nahle? o Chiquiyunes cambiar\u00e1 el fin que todos conocemos?<\/p>\n","protected":false},"excerpt":{"rendered":"<p>Los Pol\u00edticos Salvador Mu\u00f1oz Del 2015 a la fecha, los veracruzanos hemos sido testigos de c\u00f3mo la Pol\u00edtica tom\u00f3 de la mano a la Ley y empezaron a caminar juntos\u2026 bueno, m\u00e1s que caminar, \u00a1a corretear juntos a cuanto hijo de vecino se atraves\u00f3 en su camino! Hablamos de Pol\u00edtica y Ley porque los perseguidos [&hellip;]<\/p>\n","protected":false},"author":2476,"featured_media":387,"comment_status":"open","ping_status":"open","sticky":false,"template":"","format":"standard","meta":{"_jetpack_memberships_contains_paid_content":false,"footnotes":""},"categories":[11],"tags":[],"class_list":["post-56569","post","type-post","status-publish","format-standard","has-post-thumbnail","hentry","category-opinion"],"jetpack_featured_media_url":"https:\/\/encuentroinformativo.com.mx\/wp-content\/uploads\/2020\/03\/7CF8A22B-2764-47BE-8F7F-38FE9E5D6A2F.jpeg","jetpack_sharing_enabled":true,"jetpack_likes_enabled":true,"amp_enabled":true,"_links":{"self":[{"href":"https:\/\/encuentroinformativo.com.mx\/index.php?rest_route=\/wp\/v2\/posts\/56569","targetHints":{"allow":["GET"]}}],"collection":[{"href":"https:\/\/encuentroinformativo.com.mx\/index.php?rest_route=\/wp\/v2\/posts"}],"about":[{"href":"https:\/\/encuentroinformativo.com.mx\/index.php?rest_route=\/wp\/v2\/types\/post"}],"author":[{"embeddable":true,"href":"https:\/\/encuentroinformativo.com.mx\/index.php?rest_route=\/wp\/v2\/users\/2476"}],"replies":[{"embeddable":true,"href":"https:\/\/encuentroinformativo.com.mx\/index.php?rest_route=%2Fwp%2Fv2%2Fcomments&post=56569"}],"version-history":[{"count":1,"href":"https:\/\/encuentroinformativo.com.mx\/index.php?rest_route=\/wp\/v2\/posts\/56569\/revisions"}],"predecessor-version":[{"id":56570,"href":"https:\/\/encuentroinformativo.com.mx\/index.php?rest_route=\/wp\/v2\/posts\/56569\/revisions\/56570"}],"wp:featuredmedia":[{"embeddable":true,"href":"https:\/\/encuentroinformativo.com.mx\/index.php?rest_route=\/wp\/v2\/media\/387"}],"wp:attachment":[{"href":"https:\/\/encuentroinformativo.com.mx\/index.php?rest_route=%2Fwp%2Fv2%2Fmedia&parent=56569"}],"wp:term":[{"taxonomy":"category","embeddable":true,"href":"https:\/\/encuentroinformativo.com.mx\/index.php?rest_route=%2Fwp%2Fv2%2Fcategories&post=56569"},{"taxonomy":"post_tag","embeddable":true,"href":"https:\/\/encuentroinformativo.com.mx\/index.php?rest_route=%2Fwp%2Fv2%2Ftags&post=56569"}],"curies":[{"name":"wp","href":"https:\/\/api.w.org\/{rel}","templated":true}]}}