{"id":56577,"date":"2024-07-12T13:07:31","date_gmt":"2024-07-12T19:07:31","guid":{"rendered":"https:\/\/encuentroinformativo.com.mx\/?p=56577"},"modified":"2024-07-12T13:07:43","modified_gmt":"2024-07-12T19:07:43","slug":"trabajadores-del-poder-judicial-se-manifestaron-en-el-marco-de-los-dialogos-nacionales","status":"publish","type":"post","link":"https:\/\/encuentroinformativo.com.mx\/?p=56577","title":{"rendered":"Trabajadores del Poder Judicial se manifestaron en el marco de los &#8216;Di\u00e1logos Nacionales&#8217;"},"content":{"rendered":"\n<p><strong>Dar\u00edo Pale <\/strong><\/p>\n\n\n\n<p>Xalapa, Ver.- Aproximadamente un grupo de 100 trabajadores se manifestaron a las afueras del Poder Judicial ya que manifestaron estar en contra de la reforma al poder judicial federal donde paraban lonas con diferentes consignas.<\/p>\n\n\n\n<p>Con gritos de consignas en contra de la Reforma al Poder Judicial federal los trabajadores se manifestaron en contra de esta misma, ya que en el interior de realizaban los di\u00e1logos nacionales.<br>En las los m\u00e1s se pod\u00edan leer algunas leyendas como:\u00a0<\/p>\n\n\n\n<p>&#8220;No al voto popular en el poder judicial&#8221;, &#8220;El PJF garantiza los derechos humanos de todos los mexicanos&#8221;, &#8220;En el poder judicial federal especialmente se resuelven juicios contra el gobierno. Por ello el federal suele ser m\u00e1s incomodo para el ejecutivo y legislativo&#8221;.<\/p>\n\n\n\n<p>Otros textos son: &#8220;Por, la defensa de tus derechos poder judicial de la Federaci\u00f3n juzgados y juzgadores federales&#8221;, &#8220;Todos somos PJF&#8221;, &#8220;La justicia no se somete a voto popular ni a contentillo del poder pol\u00edtico&#8221;.<\/p>\n\n\n\n<p>Finalmente cabe se\u00f1alar que, mantienen cerrada la vialidad de la Avenida Ferrocarril interoce\u00e1nico.<\/p>\n","protected":false},"excerpt":{"rendered":"<p>Dar\u00edo Pale Xalapa, Ver.- Aproximadamente un grupo de 100 trabajadores se manifestaron a las afueras del Poder Judicial ya que manifestaron estar en contra de la reforma al poder judicial federal donde paraban lonas con diferentes consignas. Con gritos de consignas en contra de la Reforma al Poder Judicial federal los trabajadores se manifestaron en [&hellip;]<\/p>\n","protected":false},"author":2476,"featured_media":56578,"comment_status":"open","ping_status":"open","sticky":false,"template":"","format":"standard","meta":{"_jetpack_memberships_contains_paid_content":false,"footnotes":""},"categories":[2],"tags":[],"class_list":["post-56577","post","type-post","status-publish","format-standard","has-post-thumbnail","hentry","category-estado"],"jetpack_featured_media_url":"https:\/\/encuentroinformativo.com.mx\/wp-content\/uploads\/2024\/07\/IMG-20240712-WA0044.jpg","jetpack_sharing_enabled":true,"jetpack_likes_enabled":true,"amp_enabled":true,"_links":{"self":[{"href":"https:\/\/encuentroinformativo.com.mx\/index.php?rest_route=\/wp\/v2\/posts\/56577","targetHints":{"allow":["GET"]}}],"collection":[{"href":"https:\/\/encuentroinformativo.com.mx\/index.php?rest_route=\/wp\/v2\/posts"}],"about":[{"href":"https:\/\/encuentroinformativo.com.mx\/index.php?rest_route=\/wp\/v2\/types\/post"}],"author":[{"embeddable":true,"href":"https:\/\/encuentroinformativo.com.mx\/index.php?rest_route=\/wp\/v2\/users\/2476"}],"replies":[{"embeddable":true,"href":"https:\/\/encuentroinformativo.com.mx\/index.php?rest_route=%2Fwp%2Fv2%2Fcomments&post=56577"}],"version-history":[{"count":1,"href":"https:\/\/encuentroinformativo.com.mx\/index.php?rest_route=\/wp\/v2\/posts\/56577\/revisions"}],"predecessor-version":[{"id":56579,"href":"https:\/\/encuentroinformativo.com.mx\/index.php?rest_route=\/wp\/v2\/posts\/56577\/revisions\/56579"}],"wp:featuredmedia":[{"embeddable":true,"href":"https:\/\/encuentroinformativo.com.mx\/index.php?rest_route=\/wp\/v2\/media\/56578"}],"wp:attachment":[{"href":"https:\/\/encuentroinformativo.com.mx\/index.php?rest_route=%2Fwp%2Fv2%2Fmedia&parent=56577"}],"wp:term":[{"taxonomy":"category","embeddable":true,"href":"https:\/\/encuentroinformativo.com.mx\/index.php?rest_route=%2Fwp%2Fv2%2Fcategories&post=56577"},{"taxonomy":"post_tag","embeddable":true,"href":"https:\/\/encuentroinformativo.com.mx\/index.php?rest_route=%2Fwp%2Fv2%2Ftags&post=56577"}],"curies":[{"name":"wp","href":"https:\/\/api.w.org\/{rel}","templated":true}]}}