{"id":56592,"date":"2024-07-12T16:41:18","date_gmt":"2024-07-12T22:41:18","guid":{"rendered":"https:\/\/encuentroinformativo.com.mx\/?p=56592"},"modified":"2024-07-12T16:41:26","modified_gmt":"2024-07-12T22:41:26","slug":"temen-recortes-presupuestales-ante-modificacion-de-programas-uv","status":"publish","type":"post","link":"https:\/\/encuentroinformativo.com.mx\/?p=56592","title":{"rendered":"Temen recortes presupuestales ante modificaci\u00f3n de programas UV"},"content":{"rendered":"\n<p><strong>Juan Arcos <\/strong><\/p>\n\n\n\n<p>Xalapa, Ver.- Acad\u00e9micos de la Universidad Veracruzana (UV) denunciaron que podr\u00edan registrarse recortes presupuestales y de personal tras las modificaciones a los programas y reglamentos.<\/p>\n\n\n\n<p>Plantearon la dificultad de cumplir con la gesti\u00f3n administrativa sin descuidar la funci\u00f3n acad\u00e9mica principal en institutos y centros educativos, a pesar de posibles recortes presupuestarios, manteniendo el enfoque en la formaci\u00f3n de los estudiantes.<\/p>\n\n\n\n<p>De acuerdo con Roxana Zepeda, acad\u00e9mica del Centro de Investigaciones Biom\u00e9dicas, reci\u00e9n desaparecieron los Doctorados Directos, lo que afecta gravemente a la comunidad universitaria.<\/p>\n\n\n\n<p>\u201cLa gesti\u00f3n es muy importante, sobre todo para nosotros como coordinadores y director de los institutos y centros, pero nosotros debemos de enfocarnos en las cuestiones acad\u00e9micas, sobre todo. Y ante esta supresi\u00f3n, no temen que tambi\u00e9n haya un recorte\u201d.<\/p>\n\n\n\n<p>Sin embargo, enfatiz\u00f3 que la Universidad Veracruzana baja su rendimiento acad\u00e9mico con la desaparici\u00f3n de programas y modificaciones err\u00f3neas al Reglamento de Posgrados.<\/p>\n\n\n\n<p>\u201cRecorte s\u00ed va a haber, eso siempre hay, pero digamos que nosotros tratamos de trabajar de la mejor manera y de graduar a los estudiantes con las mejores capacidades para que puedan obtener despu\u00e9s un trabajo, independientemente de si hay recortes o no. Simplemente que si no podemos trabajar, si operativamente no contamos con las herramientas, pues nos hace imposible la operaci\u00f3n. Los recortes pues los tenemos ya contemplado y trabajamos a pesar de ello\u201d.<\/p>\n\n\n\n<p>El pasado mi\u00e9rcoles 10 de julio, directivos, coordinadores y estudiantes de centros de investigaciones de la Universidad Veracruzana (UV) protestaron en las escalinatas de la Rector\u00eda, en la ciudad de Xalapa, en rechazo a la eliminaci\u00f3n de la figura \u201cDoctorado Directo\u201d en el Reglamento General de Estudios de Posgrado 2023.<\/p>\n\n\n\n<p>Esto afecta de manera directa a las comunidades, cuerpos colegiados y juntas acad\u00e9micas del Instituto de Investigaciones Cerebrales, el Centro de Investigaci\u00f3n en Micolog\u00eda Aplicada y el Centro de Investigaciones Biom\u00e9dicas de la m\u00e1xima casa de estudios.<\/p>\n","protected":false},"excerpt":{"rendered":"<p>Juan Arcos Xalapa, Ver.- Acad\u00e9micos de la Universidad Veracruzana (UV) denunciaron que podr\u00edan registrarse recortes presupuestales y de personal tras las modificaciones a los programas y reglamentos. Plantearon la dificultad de cumplir con la gesti\u00f3n administrativa sin descuidar la funci\u00f3n acad\u00e9mica principal en institutos y centros educativos, a pesar de posibles recortes presupuestarios, manteniendo el [&hellip;]<\/p>\n","protected":false},"author":2476,"featured_media":56593,"comment_status":"open","ping_status":"open","sticky":false,"template":"","format":"standard","meta":{"_jetpack_memberships_contains_paid_content":false,"footnotes":""},"categories":[2],"tags":[],"class_list":["post-56592","post","type-post","status-publish","format-standard","has-post-thumbnail","hentry","category-estado"],"jetpack_featured_media_url":"https:\/\/encuentroinformativo.com.mx\/wp-content\/uploads\/2024\/07\/IMG_0942.jpg","jetpack_sharing_enabled":true,"jetpack_likes_enabled":true,"amp_enabled":true,"_links":{"self":[{"href":"https:\/\/encuentroinformativo.com.mx\/index.php?rest_route=\/wp\/v2\/posts\/56592","targetHints":{"allow":["GET"]}}],"collection":[{"href":"https:\/\/encuentroinformativo.com.mx\/index.php?rest_route=\/wp\/v2\/posts"}],"about":[{"href":"https:\/\/encuentroinformativo.com.mx\/index.php?rest_route=\/wp\/v2\/types\/post"}],"author":[{"embeddable":true,"href":"https:\/\/encuentroinformativo.com.mx\/index.php?rest_route=\/wp\/v2\/users\/2476"}],"replies":[{"embeddable":true,"href":"https:\/\/encuentroinformativo.com.mx\/index.php?rest_route=%2Fwp%2Fv2%2Fcomments&post=56592"}],"version-history":[{"count":1,"href":"https:\/\/encuentroinformativo.com.mx\/index.php?rest_route=\/wp\/v2\/posts\/56592\/revisions"}],"predecessor-version":[{"id":56594,"href":"https:\/\/encuentroinformativo.com.mx\/index.php?rest_route=\/wp\/v2\/posts\/56592\/revisions\/56594"}],"wp:featuredmedia":[{"embeddable":true,"href":"https:\/\/encuentroinformativo.com.mx\/index.php?rest_route=\/wp\/v2\/media\/56593"}],"wp:attachment":[{"href":"https:\/\/encuentroinformativo.com.mx\/index.php?rest_route=%2Fwp%2Fv2%2Fmedia&parent=56592"}],"wp:term":[{"taxonomy":"category","embeddable":true,"href":"https:\/\/encuentroinformativo.com.mx\/index.php?rest_route=%2Fwp%2Fv2%2Fcategories&post=56592"},{"taxonomy":"post_tag","embeddable":true,"href":"https:\/\/encuentroinformativo.com.mx\/index.php?rest_route=%2Fwp%2Fv2%2Ftags&post=56592"}],"curies":[{"name":"wp","href":"https:\/\/api.w.org\/{rel}","templated":true}]}}