{"id":56595,"date":"2024-07-12T16:54:02","date_gmt":"2024-07-12T22:54:02","guid":{"rendered":"https:\/\/encuentroinformativo.com.mx\/?p=56595"},"modified":"2024-07-12T16:54:08","modified_gmt":"2024-07-12T22:54:08","slug":"seran-marginados-quienes-rechacen-reforma-al-poder-judicial-senala-gobernador","status":"publish","type":"post","link":"https:\/\/encuentroinformativo.com.mx\/?p=56595","title":{"rendered":"Ser\u00e1n marginados quienes rechacen reforma al Poder Judicial, se\u00f1ala Gobernador"},"content":{"rendered":"\n<p><strong>Dar\u00edo Pale <\/strong><\/p>\n\n\n\n<p>Xalapa, Ver.- Quien est\u00e9 en contra de reforma al Poder Judicial Federal quedar\u00e1 marginado y desde\u00f1ado de la historia, as\u00ed lo dio a conocer el gobernador Cuitl\u00e1huac Garc\u00eda Jim\u00e9nez.<\/p>\n\n\n\n<p>En su discurso, este d\u00eda durante los Di\u00e1logos Nacionales, Reforma al Consejo de la Judicatura Federal, consider\u00f3 que quien est\u00e9 en contra de la reforma constitucional al Poder Judicial Federal quedar\u00e1 marginado y desde\u00f1ado de la historia y manifest\u00f3 que es imperante dicha reforma para acabar con la corrupci\u00f3n de jueces y magistrados.<\/p>\n\n\n\n<p>\u201cEn Veracruz, las propuestas a las diputaciones federales y senadur\u00edas hoy legisladores electos que abiertamente se expresaron a favor del Plan C, alcanzaron el 60 por ciento de las preferencias electorales&#8221;, se\u00f1al\u00f3.<\/p>\n\n\n\n<p>&#8220;Hay pues una legitimidad y mandato popular para llevar a cabo \u00a0esta reforma, quien no lo quiera ver as\u00ed se quedar\u00e1 marginado \u00a0y desde\u00f1ado de la historia\u201d, agreg\u00f3.<\/p>\n\n\n\n<p>El Ejecutivo mencion\u00f3 que, denunci\u00f3 con insistencia que jueces federales liberaron \u00a0a 33 delincuentes, de esos, 21 hab\u00edan cometido delitos graves como homicidio y pederast\u00eda.\u00a0<\/p>\n\n\n\n<p>Finalmente destac\u00f3 que los integrantes del Consejo de la Judicatura de Veracruz, los 23 magistrados y magistradas se han pronunciado a favor de que se lleve a cabo la reforma al Poder Judicial Federal y que trascienda en las modificaciones necesarias para los poderes judiciales estatales.<\/p>\n","protected":false},"excerpt":{"rendered":"<p>Dar\u00edo Pale Xalapa, Ver.- Quien est\u00e9 en contra de reforma al Poder Judicial Federal quedar\u00e1 marginado y desde\u00f1ado de la historia, as\u00ed lo dio a conocer el gobernador Cuitl\u00e1huac Garc\u00eda Jim\u00e9nez. En su discurso, este d\u00eda durante los Di\u00e1logos Nacionales, Reforma al Consejo de la Judicatura Federal, consider\u00f3 que quien est\u00e9 en contra de la [&hellip;]<\/p>\n","protected":false},"author":2476,"featured_media":56596,"comment_status":"open","ping_status":"open","sticky":false,"template":"","format":"standard","meta":{"_jetpack_memberships_contains_paid_content":false,"footnotes":""},"categories":[2],"tags":[],"class_list":["post-56595","post","type-post","status-publish","format-standard","has-post-thumbnail","hentry","category-estado"],"jetpack_featured_media_url":"https:\/\/encuentroinformativo.com.mx\/wp-content\/uploads\/2024\/07\/IMG-20240712-WA0066.jpg","jetpack_sharing_enabled":true,"jetpack_likes_enabled":true,"amp_enabled":true,"_links":{"self":[{"href":"https:\/\/encuentroinformativo.com.mx\/index.php?rest_route=\/wp\/v2\/posts\/56595","targetHints":{"allow":["GET"]}}],"collection":[{"href":"https:\/\/encuentroinformativo.com.mx\/index.php?rest_route=\/wp\/v2\/posts"}],"about":[{"href":"https:\/\/encuentroinformativo.com.mx\/index.php?rest_route=\/wp\/v2\/types\/post"}],"author":[{"embeddable":true,"href":"https:\/\/encuentroinformativo.com.mx\/index.php?rest_route=\/wp\/v2\/users\/2476"}],"replies":[{"embeddable":true,"href":"https:\/\/encuentroinformativo.com.mx\/index.php?rest_route=%2Fwp%2Fv2%2Fcomments&post=56595"}],"version-history":[{"count":1,"href":"https:\/\/encuentroinformativo.com.mx\/index.php?rest_route=\/wp\/v2\/posts\/56595\/revisions"}],"predecessor-version":[{"id":56597,"href":"https:\/\/encuentroinformativo.com.mx\/index.php?rest_route=\/wp\/v2\/posts\/56595\/revisions\/56597"}],"wp:featuredmedia":[{"embeddable":true,"href":"https:\/\/encuentroinformativo.com.mx\/index.php?rest_route=\/wp\/v2\/media\/56596"}],"wp:attachment":[{"href":"https:\/\/encuentroinformativo.com.mx\/index.php?rest_route=%2Fwp%2Fv2%2Fmedia&parent=56595"}],"wp:term":[{"taxonomy":"category","embeddable":true,"href":"https:\/\/encuentroinformativo.com.mx\/index.php?rest_route=%2Fwp%2Fv2%2Fcategories&post=56595"},{"taxonomy":"post_tag","embeddable":true,"href":"https:\/\/encuentroinformativo.com.mx\/index.php?rest_route=%2Fwp%2Fv2%2Ftags&post=56595"}],"curies":[{"name":"wp","href":"https:\/\/api.w.org\/{rel}","templated":true}]}}