{"id":56598,"date":"2024-07-12T17:02:11","date_gmt":"2024-07-12T23:02:11","guid":{"rendered":"https:\/\/encuentroinformativo.com.mx\/?p=56598"},"modified":"2024-07-12T17:02:20","modified_gmt":"2024-07-12T23:02:20","slug":"ordenan-comercio-ambulante-en-xico","status":"publish","type":"post","link":"https:\/\/encuentroinformativo.com.mx\/?p=56598","title":{"rendered":"Ordenan comercio ambulante en Xico"},"content":{"rendered":"\n<p><strong>Dar\u00edo Pale<\/strong><\/p>\n\n\n\n<p>Xalapa, Ver.- El director de Desarrollo Econ\u00f3mico y Turismo de Xico, Javier Izaguirre Mart\u00ednez, dio a conocer que en dicho municipio realizar\u00e1n, un ordenamiento del comercio ambulante en el Centro Hist\u00f3rico.<\/p>\n\n\n\n<p>En entrevista, dijo que luego de varios di\u00e1logos y acuerdos con los vendedores, se logr\u00f3 este ordenamiento, por lo que algunas zonas del centro quedaron libres de este comercio informal.\u00a0<\/p>\n\n\n\n<p>\u201cEstamos trabajando fuerte en ese sentido porque como pueblo m\u00e1gico tenemos que poner atenci\u00f3n al ambulantaje, hemos sido muy enf\u00e1ticos y a trav\u00e9s de un di\u00e1logo respetuoso y abierto hemos logrado que estos comerciantes que estaban en la v\u00eda p\u00fablica se movieran&#8221;, se\u00f1al\u00f3.<\/p>\n\n\n\n<p>Finalmente dio a conocer que, se liberaron rampas para discapacitados y banquetas que permitan el libre tr\u00e1nsito.<\/p>\n\n\n\n<figure class=\"wp-block-image size-large\"><img loading=\"lazy\" decoding=\"async\" width=\"768\" height=\"1024\" src=\"https:\/\/encuentroinformativo.com.mx\/wp-content\/uploads\/2024\/07\/1000341758-768x1024.jpg\" alt=\"\" class=\"wp-image-56600\" srcset=\"https:\/\/encuentroinformativo.com.mx\/wp-content\/uploads\/2024\/07\/1000341758-768x1024.jpg 768w, https:\/\/encuentroinformativo.com.mx\/wp-content\/uploads\/2024\/07\/1000341758-225x300.jpg 225w, https:\/\/encuentroinformativo.com.mx\/wp-content\/uploads\/2024\/07\/1000341758.jpg 1080w\" sizes=\"auto, (max-width: 768px) 100vw, 768px\" \/><\/figure>\n","protected":false},"excerpt":{"rendered":"<p>Dar\u00edo Pale Xalapa, Ver.- El director de Desarrollo Econ\u00f3mico y Turismo de Xico, Javier Izaguirre Mart\u00ednez, dio a conocer que en dicho municipio realizar\u00e1n, un ordenamiento del comercio ambulante en el Centro Hist\u00f3rico. En entrevista, dijo que luego de varios di\u00e1logos y acuerdos con los vendedores, se logr\u00f3 este ordenamiento, por lo que algunas zonas [&hellip;]<\/p>\n","protected":false},"author":2476,"featured_media":56599,"comment_status":"open","ping_status":"open","sticky":false,"template":"","format":"standard","meta":{"_jetpack_memberships_contains_paid_content":false,"footnotes":""},"categories":[8],"tags":[],"class_list":["post-56598","post","type-post","status-publish","format-standard","has-post-thumbnail","hentry","category-region"],"jetpack_featured_media_url":"https:\/\/encuentroinformativo.com.mx\/wp-content\/uploads\/2024\/07\/IMG-20240712-WA0078.jpg","jetpack_sharing_enabled":true,"jetpack_likes_enabled":true,"amp_enabled":true,"_links":{"self":[{"href":"https:\/\/encuentroinformativo.com.mx\/index.php?rest_route=\/wp\/v2\/posts\/56598","targetHints":{"allow":["GET"]}}],"collection":[{"href":"https:\/\/encuentroinformativo.com.mx\/index.php?rest_route=\/wp\/v2\/posts"}],"about":[{"href":"https:\/\/encuentroinformativo.com.mx\/index.php?rest_route=\/wp\/v2\/types\/post"}],"author":[{"embeddable":true,"href":"https:\/\/encuentroinformativo.com.mx\/index.php?rest_route=\/wp\/v2\/users\/2476"}],"replies":[{"embeddable":true,"href":"https:\/\/encuentroinformativo.com.mx\/index.php?rest_route=%2Fwp%2Fv2%2Fcomments&post=56598"}],"version-history":[{"count":1,"href":"https:\/\/encuentroinformativo.com.mx\/index.php?rest_route=\/wp\/v2\/posts\/56598\/revisions"}],"predecessor-version":[{"id":56601,"href":"https:\/\/encuentroinformativo.com.mx\/index.php?rest_route=\/wp\/v2\/posts\/56598\/revisions\/56601"}],"wp:featuredmedia":[{"embeddable":true,"href":"https:\/\/encuentroinformativo.com.mx\/index.php?rest_route=\/wp\/v2\/media\/56599"}],"wp:attachment":[{"href":"https:\/\/encuentroinformativo.com.mx\/index.php?rest_route=%2Fwp%2Fv2%2Fmedia&parent=56598"}],"wp:term":[{"taxonomy":"category","embeddable":true,"href":"https:\/\/encuentroinformativo.com.mx\/index.php?rest_route=%2Fwp%2Fv2%2Fcategories&post=56598"},{"taxonomy":"post_tag","embeddable":true,"href":"https:\/\/encuentroinformativo.com.mx\/index.php?rest_route=%2Fwp%2Fv2%2Ftags&post=56598"}],"curies":[{"name":"wp","href":"https:\/\/api.w.org\/{rel}","templated":true}]}}